{"id":4494,"date":"2024-03-17T20:51:20","date_gmt":"2024-03-17T19:51:20","guid":{"rendered":"https:\/\/www.vfa-rochlitzer-berg.de\/?p=4494"},"modified":"2024-03-18T20:53:41","modified_gmt":"2024-03-18T19:53:41","slug":"rossweiner-kuekenschwimmen","status":"publish","type":"post","link":"https:\/\/www.vfa-rochlitzer-berg.de\/?p=4494","title":{"rendered":"Ro\u00dfweiner K\u00fckenschwimmen"},"content":{"rendered":"<p>Der aprilhafte Sonnabend lud nicht gerade ins Freie ein. Im \u00fcber 100j\u00e4hrigen Stadtbad in Ro\u00dfwein war es daf\u00fcr kuschelig warm und sehr sonnig mit mit ca. 25 K\u00fcken-Schwimmern und bestimmt doppelt so vielen Zuschauern. Auch unsere beiden J\u00fcngsten (Jahrgang 2016) hatten ihre Familie zum Anfeuern mitgebracht. Wer nun denkt, bei so vielen K\u00fcken m\u00fcsste aufgeregtes und vor allem lautes Schnattern zu h\u00f6ren sein \u2013 weit gefehlt. F\u00fcr viele war es der erste Wettkampf au\u00dferhalb ihrer Trainingsgruppe. So auch f\u00fcr unseren Franz Kiechle. Er schaute schon etwas \u00e4ngstlich und unsicher drein\u2026so viele Leute und ein fremdes Schwimmbecken! F\u00fcr Maja Ke\u00dfler dagegen war es der zweite Wettkampf in Ro\u00dfwein. Sie zog Franz zum Einschwimmen mit und motivierte ihn f\u00fcr beider erster Wettkampf an diesem Tag:<\/p>\n<p><a href=\"http:\/\/www.vfa-rochlitzer-berg.de\/wp-content\/uploads\/2024\/03\/Maja-25m-R-scaled.jpg\" rel=\"lightbox[4494]\"><img loading=\"lazy\" decoding=\"async\" class=\"alignleft size-thumbnail wp-image-4496\" src=\"http:\/\/www.vfa-rochlitzer-berg.de\/wp-content\/uploads\/2024\/03\/Maja-25m-R-150x150.jpg\" alt=\"\" width=\"150\" height=\"150\"><\/a> <a href=\"http:\/\/www.vfa-rochlitzer-berg.de\/wp-content\/uploads\/2024\/03\/Franz-25m-R-scaled.jpg\" rel=\"lightbox[4494]\"><img loading=\"lazy\" decoding=\"async\" class=\"alignleft size-thumbnail wp-image-4495\" src=\"http:\/\/www.vfa-rochlitzer-berg.de\/wp-content\/uploads\/2024\/03\/Franz-25m-R-150x150.jpg\" alt=\"\" width=\"150\" height=\"150\"><\/a> <a href=\"http:\/\/www.vfa-rochlitzer-berg.de\/wp-content\/uploads\/2024\/03\/Siegerehrung-Maja-25m-B-1-scaled.jpg\" rel=\"lightbox[4494]\"><img loading=\"lazy\" decoding=\"async\" class=\"alignleft size-thumbnail wp-image-4498\" src=\"http:\/\/www.vfa-rochlitzer-berg.de\/wp-content\/uploads\/2024\/03\/Siegerehrung-Maja-25m-B-1-150x150.jpg\" alt=\"\" width=\"150\" height=\"150\"><\/a>25m R\u00fccken. Maja erschwamm sich in 0:52 min den 5. Platz. Franz siegte nicht nur in seinem Lauf, sondern auch in seiner Altersklasse mit 0:29,06 min. Damit war auch das letzte Eis geschmolzen.&nbsp; &nbsp; &nbsp; &nbsp; &nbsp; &nbsp; &nbsp; &nbsp; &nbsp; &nbsp; &nbsp; &nbsp; &nbsp; &nbsp; &nbsp; &nbsp; &nbsp; &nbsp; &nbsp; &nbsp; &nbsp; &nbsp; &nbsp; &nbsp; 25m Brust ist Majas Lieblingsdisziplin. Sie strengte sich m\u00e4chtig an, siegte mit 0:34,88 min in ihrem Lauf und holte sich \u00fcbergl\u00fccklich in der Wertung ihrer Altersklasse Bronze. Franz startete auch in 25m Brust und in 25m Kraul. Er schwamm in Brust mit 0:33,01 min und in Kraul mit 0:37,09 min jeweils auf Platz 3.&nbsp; &nbsp;Zufrieden, gl\u00fccklich und m\u00e4chtig geschafft kletterten beide f\u00fcr die R\u00fcckfahrt am Nachmittag ins Auto.&nbsp; Ich danke den Familien Ke\u00dfler und Kiechle f\u00fcr den Fahrdienst, die Unterst\u00fctzung beim Wettkampf und beim Anfeuern.<\/p>\n<p>Heike Br\u00fcssau&nbsp; &nbsp;(\u00dcL beim VfA, Abt. Schwimmen)<\/p>\n","protected":false},"excerpt":{"rendered":"<p>Der aprilhafte Sonnabend lud nicht gerade ins Freie ein. Im \u00fcber 100j\u00e4hrigen Stadtbad in Ro\u00dfwein war es daf\u00fcr kuschelig warm und sehr sonnig mit mit ca. 25 K\u00fcken-Schwimmern und bestimmt doppelt so vielen Zuschauern. Auch unsere beiden J\u00fcngsten (Jahrgang 2016) hatten ihre Familie zum Anfeuern mitgebracht. Wer nun denkt, bei so vielen K\u00fcken m\u00fcsste aufgeregtes &hellip; <\/p>\n<p><a class=\"more-link btn\" href=\"https:\/\/www.vfa-rochlitzer-berg.de\/?p=4494\">Weiterlesen<\/a><\/p>\n","protected":false},"author":2,"featured_media":4495,"comment_status":"closed","ping_status":"closed","sticky":false,"template":"","format":"standard","meta":{"ngg_post_thumbnail":0,"footnotes":""},"categories":[4,19],"tags":[],"class_list":["post-4494","post","type-post","status-publish","format-standard","has-post-thumbnail","hentry","category-news-termine","category-schwimmen","item-wrap"],"_links":{"self":[{"href":"https:\/\/www.vfa-rochlitzer-berg.de\/index.php?rest_route=\/wp\/v2\/posts\/4494","targetHints":{"allow":["GET"]}}],"collection":[{"href":"https:\/\/www.vfa-rochlitzer-berg.de\/index.php?rest_route=\/wp\/v2\/posts"}],"about":[{"href":"https:\/\/www.vfa-rochlitzer-berg.de\/index.php?rest_route=\/wp\/v2\/types\/post"}],"author":[{"embeddable":true,"href":"https:\/\/www.vfa-rochlitzer-berg.de\/index.php?rest_route=\/wp\/v2\/users\/2"}],"replies":[{"embeddable":true,"href":"https:\/\/www.vfa-rochlitzer-berg.de\/index.php?rest_route=%2Fwp%2Fv2%2Fcomments&post=4494"}],"version-history":[{"count":2,"href":"https:\/\/www.vfa-rochlitzer-berg.de\/index.php?rest_route=\/wp\/v2\/posts\/4494\/revisions"}],"predecessor-version":[{"id":4500,"href":"https:\/\/www.vfa-rochlitzer-berg.de\/index.php?rest_route=\/wp\/v2\/posts\/4494\/revisions\/4500"}],"wp:featuredmedia":[{"embeddable":true,"href":"https:\/\/www.vfa-rochlitzer-berg.de\/index.php?rest_route=\/wp\/v2\/media\/4495"}],"wp:attachment":[{"href":"https:\/\/www.vfa-rochlitzer-berg.de\/index.php?rest_route=%2Fwp%2Fv2%2Fmedia&parent=4494"}],"wp:term":[{"taxonomy":"category","embeddable":true,"href":"https:\/\/www.vfa-rochlitzer-berg.de\/index.php?rest_route=%2Fwp%2Fv2%2Fcategories&post=4494"},{"taxonomy":"post_tag","embeddable":true,"href":"https:\/\/www.vfa-rochlitzer-berg.de\/index.php?rest_route=%2Fwp%2Fv2%2Ftags&post=4494"}],"curies":[{"name":"wp","href":"https:\/\/api.w.org\/{rel}","templated":true}]}}