{"id":4487,"date":"2024-03-11T10:53:50","date_gmt":"2024-03-11T09:53:50","guid":{"rendered":"https:\/\/www.vfa-rochlitzer-berg.de\/?p=4487"},"modified":"2024-03-18T20:52:03","modified_gmt":"2024-03-18T19:52:03","slug":"goslaer-adler-masters-schwimm-gala-am-2-maerz-2024","status":"publish","type":"post","link":"https:\/\/www.vfa-rochlitzer-berg.de\/?p=4487","title":{"rendered":"\u201eGoslaer Adler\u201c \u2013 Masters Schwimm Gala am 2. M\u00e4rz 2024"},"content":{"rendered":"<p>221 Teilnehmerinnen und Teilnehmer aus 48 Schwimmvereinen, die 11 Landesschwimmverb\u00e4nden angeh\u00f6ren, und ein niederl\u00e4ndischer Schwimmverein trafen sich letzten Sonnabend im Aquantic-Schwimmpark am Osterfeld in Goslar. Obwohl dies sehr gro\u00df klingt, ist es ein kleiner, ruhiger und gut organisierter Wettkampf in einem sehr sch\u00f6nen Ambiente. Deshalb waren die <strong>VfA-Seniorenschwimmer<\/strong> nun zum 3. Mal mit von der Partie.<\/p>\n<p><strong>Andreas Schmidt<\/strong> \u2013 der J\u00fcngste im Bunde \u2013 startete knapp 3 Monate nach seiner Knie-OP zwar nur \u00fcber die Freistildistanzen, konnte aber gut mit seinen Meldezeiten mithalten und belegte die Pl\u00e4tze 4 und 7.&nbsp; &nbsp; &nbsp; &nbsp; &nbsp; &nbsp; &nbsp; &nbsp; &nbsp; &nbsp; &nbsp; <strong>Heike Br\u00fcssau<\/strong> trat in ihrer Lieblingsdisziplin 50 und 100 m Brustschwimmen an und 50 m Schmetterling. Mit den geschwommenen Zeiten war sie nicht ganz zufrieden \u2013 immer 3 Sekunden langsamer als gemeldet -, aber in ihrer Altersklasse konnte sie 2x Silber und 1x Bronze holen.&nbsp; &nbsp; &nbsp; &nbsp; &nbsp; &nbsp; &nbsp; &nbsp; &nbsp; &nbsp; &nbsp; &nbsp; &nbsp; &nbsp; &nbsp; &nbsp; &nbsp; &nbsp; &nbsp; &nbsp; &nbsp; &nbsp; &nbsp; &nbsp; &nbsp; &nbsp; &nbsp; &nbsp; &nbsp; &nbsp; &nbsp; &nbsp; &nbsp; &nbsp; &nbsp; &nbsp; &nbsp; &nbsp; &nbsp; &nbsp; &nbsp; &nbsp; &nbsp; &nbsp; &nbsp; &nbsp; &nbsp; <strong>G\u00fcnter Lange<\/strong> stellte sich der Herausforderung bei 4 Starts, je 50 und 100 m R\u00fccken und Freistil. 3x schwamm er schneller als seine gemeldete Zeit und belohnte sich mit 2x Gold f\u00fcr die Freistilstrecken und 2x Silber f\u00fcr R\u00fccken.&nbsp;&nbsp;&nbsp;&nbsp;&nbsp;&nbsp;&nbsp;&nbsp;&nbsp;&nbsp;&nbsp;&nbsp;&nbsp;&nbsp;&nbsp;&nbsp;&nbsp;&nbsp;&nbsp;&nbsp;&nbsp;&nbsp;&nbsp;&nbsp;&nbsp;&nbsp;&nbsp;&nbsp;&nbsp;&nbsp;&nbsp;&nbsp;&nbsp;&nbsp;&nbsp;&nbsp;&nbsp;&nbsp;&nbsp;&nbsp;&nbsp;&nbsp;&nbsp;&nbsp;&nbsp;&nbsp;&nbsp;&nbsp;&nbsp;&nbsp;&nbsp;&nbsp;&nbsp;&nbsp;&nbsp;&nbsp;&nbsp;&nbsp;&nbsp;&nbsp;&nbsp;&nbsp;&nbsp;&nbsp;&nbsp;&nbsp;&nbsp;&nbsp;&nbsp;&nbsp;&nbsp;&nbsp;&nbsp;&nbsp;&nbsp;&nbsp;&nbsp;&nbsp;&nbsp;&nbsp;&nbsp;&nbsp;&nbsp;&nbsp;&nbsp;&nbsp;&nbsp;&nbsp;&nbsp;&nbsp;&nbsp;&nbsp;&nbsp;&nbsp; &nbsp;<\/p>\n<p>9 Starts \u2013 9x unter den besten 10 und 7 Medaillen \u2013 ein gutes Ergebnis \u2013 ein gelungenes Wochenende mit zufriedenen Schwimmern und Schwimmerinnen.<\/p>\n<p><a href=\"http:\/\/www.vfa-rochlitzer-berg.de\/wp-content\/uploads\/2024\/03\/VfA-Mannschaft.jpg\" rel=\"lightbox[4487]\"><img loading=\"lazy\" decoding=\"async\" class=\"size-thumbnail wp-image-4488 alignleft\" src=\"http:\/\/www.vfa-rochlitzer-berg.de\/wp-content\/uploads\/2024\/03\/VfA-Mannschaft-150x150.jpg\" alt=\"\" width=\"150\" height=\"150\"><\/a> <a href=\"http:\/\/www.vfa-rochlitzer-berg.de\/wp-content\/uploads\/2024\/03\/50m-Ruecken.jpg\" rel=\"lightbox[4487]\"><img loading=\"lazy\" decoding=\"async\" class=\"size-thumbnail wp-image-4489 alignleft\" src=\"http:\/\/www.vfa-rochlitzer-berg.de\/wp-content\/uploads\/2024\/03\/50m-Ruecken-150x150.jpg\" alt=\"\" width=\"150\" height=\"150\"><\/a> <a href=\"http:\/\/www.vfa-rochlitzer-berg.de\/wp-content\/uploads\/2024\/03\/50m-Freistil-scaled.jpg\" rel=\"lightbox[4487]\"><img loading=\"lazy\" decoding=\"async\" class=\"size-thumbnail wp-image-4490 alignleft\" src=\"http:\/\/www.vfa-rochlitzer-berg.de\/wp-content\/uploads\/2024\/03\/50m-Freistil-150x150.jpg\" alt=\"\" width=\"150\" height=\"150\"><\/a><\/p>\n","protected":false},"excerpt":{"rendered":"<p>221 Teilnehmerinnen und Teilnehmer aus 48 Schwimmvereinen, die 11 Landesschwimmverb\u00e4nden angeh\u00f6ren, und ein niederl\u00e4ndischer Schwimmverein trafen sich letzten Sonnabend im Aquantic-Schwimmpark am Osterfeld in Goslar. Obwohl dies sehr gro\u00df klingt, ist es ein kleiner, ruhiger und gut organisierter Wettkampf in einem sehr sch\u00f6nen Ambiente. Deshalb waren die VfA-Seniorenschwimmer nun zum 3. Mal mit von der &hellip; <\/p>\n<p><a class=\"more-link btn\" href=\"https:\/\/www.vfa-rochlitzer-berg.de\/?p=4487\">Weiterlesen<\/a><\/p>\n","protected":false},"author":2,"featured_media":4488,"comment_status":"closed","ping_status":"closed","sticky":false,"template":"","format":"standard","meta":{"ngg_post_thumbnail":0,"footnotes":""},"categories":[19],"tags":[],"class_list":["post-4487","post","type-post","status-publish","format-standard","has-post-thumbnail","hentry","category-schwimmen","item-wrap"],"_links":{"self":[{"href":"https:\/\/www.vfa-rochlitzer-berg.de\/index.php?rest_route=\/wp\/v2\/posts\/4487","targetHints":{"allow":["GET"]}}],"collection":[{"href":"https:\/\/www.vfa-rochlitzer-berg.de\/index.php?rest_route=\/wp\/v2\/posts"}],"about":[{"href":"https:\/\/www.vfa-rochlitzer-berg.de\/index.php?rest_route=\/wp\/v2\/types\/post"}],"author":[{"embeddable":true,"href":"https:\/\/www.vfa-rochlitzer-berg.de\/index.php?rest_route=\/wp\/v2\/users\/2"}],"replies":[{"embeddable":true,"href":"https:\/\/www.vfa-rochlitzer-berg.de\/index.php?rest_route=%2Fwp%2Fv2%2Fcomments&post=4487"}],"version-history":[{"count":2,"href":"https:\/\/www.vfa-rochlitzer-berg.de\/index.php?rest_route=\/wp\/v2\/posts\/4487\/revisions"}],"predecessor-version":[{"id":4493,"href":"https:\/\/www.vfa-rochlitzer-berg.de\/index.php?rest_route=\/wp\/v2\/posts\/4487\/revisions\/4493"}],"wp:featuredmedia":[{"embeddable":true,"href":"https:\/\/www.vfa-rochlitzer-berg.de\/index.php?rest_route=\/wp\/v2\/media\/4488"}],"wp:attachment":[{"href":"https:\/\/www.vfa-rochlitzer-berg.de\/index.php?rest_route=%2Fwp%2Fv2%2Fmedia&parent=4487"}],"wp:term":[{"taxonomy":"category","embeddable":true,"href":"https:\/\/www.vfa-rochlitzer-berg.de\/index.php?rest_route=%2Fwp%2Fv2%2Fcategories&post=4487"},{"taxonomy":"post_tag","embeddable":true,"href":"https:\/\/www.vfa-rochlitzer-berg.de\/index.php?rest_route=%2Fwp%2Fv2%2Ftags&post=4487"}],"curies":[{"name":"wp","href":"https:\/\/api.w.org\/{rel}","templated":true}]}}