{"id":4476,"date":"2024-02-28T21:19:36","date_gmt":"2024-02-28T20:19:36","guid":{"rendered":"https:\/\/www.vfa-rochlitzer-berg.de\/?p=4476"},"modified":"2024-02-28T21:23:06","modified_gmt":"2024-02-28T20:23:06","slug":"feriencamp-mit-neuem-logo-und-neuer-webseite","status":"publish","type":"post","link":"https:\/\/www.vfa-rochlitzer-berg.de\/?p=4476","title":{"rendered":"Feriencamp mit neuem Logo und neuer Webseite!"},"content":{"rendered":"<p><a href=\"http:\/\/www.vfa-rochlitzer-berg.de\/wp-content\/uploads\/2024\/02\/feriencamp-rochlitz-rund.png\" rel=\"lightbox[4476]\"><img loading=\"lazy\" decoding=\"async\" class=\" wp-image-4478 alignright\" src=\"http:\/\/www.vfa-rochlitzer-berg.de\/wp-content\/uploads\/2024\/02\/feriencamp-rochlitz-rund-300x253.png\" alt=\"\" width=\"243\" height=\"205\" srcset=\"https:\/\/www.vfa-rochlitzer-berg.de\/wp-content\/uploads\/2024\/02\/feriencamp-rochlitz-rund-300x253.png 300w, https:\/\/www.vfa-rochlitzer-berg.de\/wp-content\/uploads\/2024\/02\/feriencamp-rochlitz-rund-1024x865.png 1024w, https:\/\/www.vfa-rochlitzer-berg.de\/wp-content\/uploads\/2024\/02\/feriencamp-rochlitz-rund-768x649.png 768w, https:\/\/www.vfa-rochlitzer-berg.de\/wp-content\/uploads\/2024\/02\/feriencamp-rochlitz-rund-1536x1297.png 1536w, https:\/\/www.vfa-rochlitzer-berg.de\/wp-content\/uploads\/2024\/02\/feriencamp-rochlitz-rund-2048x1730.png 2048w, https:\/\/www.vfa-rochlitzer-berg.de\/wp-content\/uploads\/2024\/02\/feriencamp-rochlitz-rund-690x583.png 690w\" sizes=\"auto, (max-width: 243px) 100vw, 243px\" \/><\/a>Anl\u00e4sslich des <strong>35. Geburtstages<\/strong> haben die Verantwortlichen des Feriencamps f\u00fcr das Jahr 2024 einige Neuerungen zu bieten.<\/p>\n<p>So wurde einerseits das langj\u00e4hrige<strong> Logo \u00fcberarbeitet<\/strong> und es wurde ein <strong>neuer Internetauftritt<\/strong> erstellt.<\/p>\n<p>Ab sofort findet ihr alle Informationen rund um das Feriencamp unter:<\/p>\n<p><strong><a href=\"http:\/\/www.feriencamp-rochlitz.de\">www.feriencamp-rochlitz.de<\/a><\/strong><\/p>\n<p>Die Anmeldung kann \u00fcber die Seite des Vereins, aber auch \u00fcber die vom Feriencamp direkt erfolgen.<\/p>\n","protected":false},"excerpt":{"rendered":"<p>Anl\u00e4sslich des 35. Geburtstages haben die Verantwortlichen des Feriencamps f\u00fcr das Jahr 2024 einige Neuerungen zu bieten. So wurde einerseits das langj\u00e4hrige Logo \u00fcberarbeitet und es wurde ein neuer Internetauftritt erstellt. Ab sofort findet ihr alle Informationen rund um das Feriencamp unter: www.feriencamp-rochlitz.de Die Anmeldung kann \u00fcber die Seite des Vereins, aber auch \u00fcber die &hellip; <\/p>\n<p><a class=\"more-link btn\" href=\"https:\/\/www.vfa-rochlitzer-berg.de\/?p=4476\">Weiterlesen<\/a><\/p>\n","protected":false},"author":3,"featured_media":4478,"comment_status":"closed","ping_status":"closed","sticky":false,"template":"","format":"standard","meta":{"ngg_post_thumbnail":0,"footnotes":""},"categories":[35,37,4,3],"tags":[],"class_list":["post-4476","post","type-post","status-publish","format-standard","has-post-thumbnail","hentry","category-feriencamp","category-feriencamp-2014","category-news-termine","category-startseite","item-wrap"],"_links":{"self":[{"href":"https:\/\/www.vfa-rochlitzer-berg.de\/index.php?rest_route=\/wp\/v2\/posts\/4476","targetHints":{"allow":["GET"]}}],"collection":[{"href":"https:\/\/www.vfa-rochlitzer-berg.de\/index.php?rest_route=\/wp\/v2\/posts"}],"about":[{"href":"https:\/\/www.vfa-rochlitzer-berg.de\/index.php?rest_route=\/wp\/v2\/types\/post"}],"author":[{"embeddable":true,"href":"https:\/\/www.vfa-rochlitzer-berg.de\/index.php?rest_route=\/wp\/v2\/users\/3"}],"replies":[{"embeddable":true,"href":"https:\/\/www.vfa-rochlitzer-berg.de\/index.php?rest_route=%2Fwp%2Fv2%2Fcomments&post=4476"}],"version-history":[{"count":7,"href":"https:\/\/www.vfa-rochlitzer-berg.de\/index.php?rest_route=\/wp\/v2\/posts\/4476\/revisions"}],"predecessor-version":[{"id":4484,"href":"https:\/\/www.vfa-rochlitzer-berg.de\/index.php?rest_route=\/wp\/v2\/posts\/4476\/revisions\/4484"}],"wp:featuredmedia":[{"embeddable":true,"href":"https:\/\/www.vfa-rochlitzer-berg.de\/index.php?rest_route=\/wp\/v2\/media\/4478"}],"wp:attachment":[{"href":"https:\/\/www.vfa-rochlitzer-berg.de\/index.php?rest_route=%2Fwp%2Fv2%2Fmedia&parent=4476"}],"wp:term":[{"taxonomy":"category","embeddable":true,"href":"https:\/\/www.vfa-rochlitzer-berg.de\/index.php?rest_route=%2Fwp%2Fv2%2Fcategories&post=4476"},{"taxonomy":"post_tag","embeddable":true,"href":"https:\/\/www.vfa-rochlitzer-berg.de\/index.php?rest_route=%2Fwp%2Fv2%2Ftags&post=4476"}],"curies":[{"name":"wp","href":"https:\/\/api.w.org\/{rel}","templated":true}]}}