{"id":4363,"date":"2023-09-03T10:25:53","date_gmt":"2023-09-03T09:25:53","guid":{"rendered":"https:\/\/www.vfa-rochlitzer-berg.de\/?p=4363"},"modified":"2023-09-03T10:27:04","modified_gmt":"2023-09-03T09:27:04","slug":"aufruf-staedtewettbewerb","status":"publish","type":"post","link":"https:\/\/www.vfa-rochlitzer-berg.de\/?p=4363","title":{"rendered":"Aufruf  &#8211; St\u00e4dtewettbewerb"},"content":{"rendered":"<p><a href=\"http:\/\/www.vfa-rochlitzer-berg.de\/wp-content\/uploads\/2023\/09\/Staedtewettbew.jpg\" rel=\"lightbox[4363]\"><img loading=\"lazy\" decoding=\"async\" class=\"alignleft size-thumbnail wp-image-4364\" src=\"http:\/\/www.vfa-rochlitzer-berg.de\/wp-content\/uploads\/2023\/09\/Staedtewettbew-150x150.jpg\" alt=\"\" width=\"150\" height=\"150\"><\/a>Zum <a href=\"https:\/\/www.rochlitz.de\/fileadmin\/rochlitz\/bilder\/Home\/Flyer_Haendlerherbst_2023.pdf\" target=\"_blank\" rel=\"noopener\"><strong>Rochlitzer H\u00e4ndlerherbst<\/strong><\/a> am <strong>08. September<\/strong> findet in diesem Jahr wieder ab 14:00 Uhr der <a href=\"https:\/\/www.staedtewettbewerb.de\/\" target=\"_blank\" rel=\"noopener\"><strong>St\u00e4dtewettbewerb<\/strong><\/a> von enviaM unter dem Motto \u201eVolle Energie f\u00fcr den guten Zweck\u201c statt. Auf der B\u00fchne am Markt sollen Erwachsene und Kinder m\u00f6glichst viele Kilometer strampeln. Damit unterst\u00fctzt das Unternehmen gemeinn\u00fctzige Projekte in der Region zum Beispiel neue Sportger\u00e4te f\u00fcr das Rochlitzer Stadion. Je mehr Kilometer gegen 20 Uhr auf dem Tacho stehen umso h\u00f6her ist die Pr\u00e4mie. Eine Anmeldung ist nicht erforderlich. Innerhalb von sechs Stunden gilt es so viele Kilometer wie m\u00f6glich zu erradeln. <strong>Also liebe Vereinsmitglieder \u2013 Mitmachen, voller Einsatz und gewinnen.<\/strong><\/p>\n","protected":false},"excerpt":{"rendered":"<p>Zum Rochlitzer H\u00e4ndlerherbst am 08. September findet in diesem Jahr wieder ab 14:00 Uhr der St\u00e4dtewettbewerb von enviaM unter dem Motto \u201eVolle Energie f\u00fcr den guten Zweck\u201c statt. Auf der B\u00fchne am Markt sollen Erwachsene und Kinder m\u00f6glichst viele Kilometer strampeln. Damit unterst\u00fctzt das Unternehmen gemeinn\u00fctzige Projekte in der Region zum Beispiel neue Sportger\u00e4te f\u00fcr &hellip; <\/p>\n<p><a class=\"more-link btn\" href=\"https:\/\/www.vfa-rochlitzer-berg.de\/?p=4363\">Weiterlesen<\/a><\/p>\n","protected":false},"author":2,"featured_media":4364,"comment_status":"closed","ping_status":"closed","sticky":false,"template":"","format":"standard","meta":{"ngg_post_thumbnail":0,"footnotes":""},"categories":[4],"tags":[],"class_list":["post-4363","post","type-post","status-publish","format-standard","has-post-thumbnail","hentry","category-news-termine","item-wrap"],"_links":{"self":[{"href":"https:\/\/www.vfa-rochlitzer-berg.de\/index.php?rest_route=\/wp\/v2\/posts\/4363","targetHints":{"allow":["GET"]}}],"collection":[{"href":"https:\/\/www.vfa-rochlitzer-berg.de\/index.php?rest_route=\/wp\/v2\/posts"}],"about":[{"href":"https:\/\/www.vfa-rochlitzer-berg.de\/index.php?rest_route=\/wp\/v2\/types\/post"}],"author":[{"embeddable":true,"href":"https:\/\/www.vfa-rochlitzer-berg.de\/index.php?rest_route=\/wp\/v2\/users\/2"}],"replies":[{"embeddable":true,"href":"https:\/\/www.vfa-rochlitzer-berg.de\/index.php?rest_route=%2Fwp%2Fv2%2Fcomments&post=4363"}],"version-history":[{"count":2,"href":"https:\/\/www.vfa-rochlitzer-berg.de\/index.php?rest_route=\/wp\/v2\/posts\/4363\/revisions"}],"predecessor-version":[{"id":4366,"href":"https:\/\/www.vfa-rochlitzer-berg.de\/index.php?rest_route=\/wp\/v2\/posts\/4363\/revisions\/4366"}],"wp:featuredmedia":[{"embeddable":true,"href":"https:\/\/www.vfa-rochlitzer-berg.de\/index.php?rest_route=\/wp\/v2\/media\/4364"}],"wp:attachment":[{"href":"https:\/\/www.vfa-rochlitzer-berg.de\/index.php?rest_route=%2Fwp%2Fv2%2Fmedia&parent=4363"}],"wp:term":[{"taxonomy":"category","embeddable":true,"href":"https:\/\/www.vfa-rochlitzer-berg.de\/index.php?rest_route=%2Fwp%2Fv2%2Fcategories&post=4363"},{"taxonomy":"post_tag","embeddable":true,"href":"https:\/\/www.vfa-rochlitzer-berg.de\/index.php?rest_route=%2Fwp%2Fv2%2Ftags&post=4363"}],"curies":[{"name":"wp","href":"https:\/\/api.w.org\/{rel}","templated":true}]}}