{"id":4335,"date":"2023-08-15T15:29:01","date_gmt":"2023-08-15T14:29:01","guid":{"rendered":"https:\/\/www.vfa-rochlitzer-berg.de\/?p=4335"},"modified":"2023-08-15T15:37:15","modified_gmt":"2023-08-15T14:37:15","slug":"5-wochen-feriencamp-im-tipi","status":"publish","type":"post","link":"https:\/\/www.vfa-rochlitzer-berg.de\/?p=4335","title":{"rendered":"5 Wochen Feriencamp im Tipi"},"content":{"rendered":"<p>Auf dem Gel\u00e4nde in Biesern haben wieder zahlreiche Kinder das j\u00e4hrliche Feriencamp des VfA Rochlitzer Berg besucht. Die ca. 40 Kinder je Durchgang im Alter zwischen 7 und 15 Jahren haben dabei viel Spa\u00df bei Sport, Spiel, Workshops und Kreativangeboten gehabt. &nbsp;Die meisten Kinder kommen aus dem Landkreis, am weitesten angereist sind Kinder aus Berlin oder Braunschweig.<!--more--><\/p>\n<p>An manchen Tagen hat es immer mal geregnet. Doch nasse Matratzen und Schlafs\u00e4cke haben zum Beispiel Amelie und Flora aus dem 5. Durchgang nicht viel ausgemacht. \u201eDa werden die Sachen einfach morgens rausger\u00e4umt und auf die Leine zum Trocknen gehangen.\u201c<\/p>\n<p>Nach dem Fr\u00fchst\u00fcck mit M\u00fcsli oder frischen Br\u00f6tchen vom B\u00e4cker stehen die Kinder im Halbkreis und lauschen den Betreuern was es f\u00fcr Angebote zur Auswahl gibt. Man Konnte an einem Vormittag im Wald \u201eBuden bauen\u201c aus den dort zur Verf\u00fcgung stehen Materialien, beim Sportworkshop&nbsp; \u201eBizeps, Mizeps\u201c mitmachen, den Wellness-Workshop bei Tiefenentspannung mit R\u00e4ucherst\u00e4bchen, Massagen, Traumf\u00e4nger basteln, eine eigene Kegelbahn bauen.<\/p>\n<p>Nat\u00fcrlich gab es auch die traditionellen Angebote wie Schlauchbootfahren auf der Mulde, Besuch des Rochlitzer Stadtbades, Neptunfest, Lagerfeuer mit Kn\u00fcppelkuchen und Nachtwanderung.<\/p>\n<p>Das Besondere ist im FC, dass die Handys am Montag abgeben werden. Die meisten st\u00f6rt das nicht und vermissen es auch nicht.<\/p>\n<p>Und Abends sind alle ziemlich k o , ziehen sich in die Zelte zur\u00fcck und schlafen beim gegenseitigen Erz\u00e4hlen nach und nach ein.<\/p>\n<p><a href=\"http:\/\/www.vfa-rochlitzer-berg.de\/wp-content\/uploads\/2023\/08\/fc_23_047.jpg\" rel=\"lightbox[4335]\"><img loading=\"lazy\" decoding=\"async\" class=\"alignleft size-thumbnail wp-image-4342\" src=\"http:\/\/www.vfa-rochlitzer-berg.de\/wp-content\/uploads\/2023\/08\/fc_23_047-150x150.jpg\" alt=\"\" width=\"150\" height=\"150\"><\/a> <a href=\"http:\/\/www.vfa-rochlitzer-berg.de\/wp-content\/uploads\/2023\/08\/fc_23_201.jpg\" rel=\"lightbox[4335]\"><img loading=\"lazy\" decoding=\"async\" class=\"alignleft wp-image-4337 size-thumbnail\" src=\"http:\/\/www.vfa-rochlitzer-berg.de\/wp-content\/uploads\/2023\/08\/fc_23_201-150x150.jpg\" alt=\"\" width=\"150\" height=\"150\"><\/a> <a href=\"http:\/\/www.vfa-rochlitzer-berg.de\/wp-content\/uploads\/2023\/08\/fc_23_206.jpg\" rel=\"lightbox[4335]\"><img loading=\"lazy\" decoding=\"async\" class=\"alignleft size-thumbnail wp-image-4336\" src=\"http:\/\/www.vfa-rochlitzer-berg.de\/wp-content\/uploads\/2023\/08\/fc_23_206-150x150.jpg\" alt=\"\" width=\"150\" height=\"150\"><\/a><a href=\"http:\/\/www.vfa-rochlitzer-berg.de\/wp-content\/uploads\/2023\/08\/fc_23_193.jpg\" rel=\"lightbox[4335]\"><img loading=\"lazy\" decoding=\"async\" class=\"alignleft wp-image-4338 size-thumbnail\" src=\"http:\/\/www.vfa-rochlitzer-berg.de\/wp-content\/uploads\/2023\/08\/fc_23_193-150x150.jpg\" alt=\"\" width=\"150\" height=\"150\"><\/a> <a href=\"http:\/\/www.vfa-rochlitzer-berg.de\/wp-content\/uploads\/2023\/08\/fc_23_166.jpg\" rel=\"lightbox[4335]\"><img loading=\"lazy\" decoding=\"async\" class=\"alignleft wp-image-4339 size-thumbnail\" src=\"http:\/\/www.vfa-rochlitzer-berg.de\/wp-content\/uploads\/2023\/08\/fc_23_166-150x150.jpg\" alt=\"\" width=\"150\" height=\"150\"><\/a> <a href=\"http:\/\/www.vfa-rochlitzer-berg.de\/wp-content\/uploads\/2023\/08\/fc_23_098.jpg\" rel=\"lightbox[4335]\"><img loading=\"lazy\" decoding=\"async\" class=\"alignleft wp-image-4340 size-thumbnail\" src=\"http:\/\/www.vfa-rochlitzer-berg.de\/wp-content\/uploads\/2023\/08\/fc_23_098-150x150.jpg\" alt=\"\" width=\"150\" height=\"150\"><\/a> <a href=\"http:\/\/www.vfa-rochlitzer-berg.de\/wp-content\/uploads\/2023\/08\/fc_23_077.jpg\" rel=\"lightbox[4335]\"><img loading=\"lazy\" decoding=\"async\" class=\"alignleft wp-image-4341 size-thumbnail\" src=\"http:\/\/www.vfa-rochlitzer-berg.de\/wp-content\/uploads\/2023\/08\/fc_23_077-150x150.jpg\" alt=\"\" width=\"150\" height=\"150\"><\/a><\/p>\n","protected":false},"excerpt":{"rendered":"<p>Auf dem Gel\u00e4nde in Biesern haben wieder zahlreiche Kinder das j\u00e4hrliche Feriencamp des VfA Rochlitzer Berg besucht. Die ca. 40 Kinder je Durchgang im Alter zwischen 7 und 15 Jahren haben dabei viel Spa\u00df bei Sport, Spiel, Workshops und Kreativangeboten gehabt. &nbsp;Die meisten Kinder kommen aus dem Landkreis, am weitesten angereist sind Kinder aus Berlin &hellip; <\/p>\n<p><a class=\"more-link btn\" href=\"https:\/\/www.vfa-rochlitzer-berg.de\/?p=4335\">Weiterlesen<\/a><\/p>\n","protected":false},"author":2,"featured_media":4338,"comment_status":"closed","ping_status":"closed","sticky":false,"template":"","format":"standard","meta":{"ngg_post_thumbnail":0,"footnotes":""},"categories":[37,4,3],"tags":[],"class_list":["post-4335","post","type-post","status-publish","format-standard","has-post-thumbnail","hentry","category-feriencamp-2014","category-news-termine","category-startseite","item-wrap"],"_links":{"self":[{"href":"https:\/\/www.vfa-rochlitzer-berg.de\/index.php?rest_route=\/wp\/v2\/posts\/4335","targetHints":{"allow":["GET"]}}],"collection":[{"href":"https:\/\/www.vfa-rochlitzer-berg.de\/index.php?rest_route=\/wp\/v2\/posts"}],"about":[{"href":"https:\/\/www.vfa-rochlitzer-berg.de\/index.php?rest_route=\/wp\/v2\/types\/post"}],"author":[{"embeddable":true,"href":"https:\/\/www.vfa-rochlitzer-berg.de\/index.php?rest_route=\/wp\/v2\/users\/2"}],"replies":[{"embeddable":true,"href":"https:\/\/www.vfa-rochlitzer-berg.de\/index.php?rest_route=%2Fwp%2Fv2%2Fcomments&post=4335"}],"version-history":[{"count":3,"href":"https:\/\/www.vfa-rochlitzer-berg.de\/index.php?rest_route=\/wp\/v2\/posts\/4335\/revisions"}],"predecessor-version":[{"id":4345,"href":"https:\/\/www.vfa-rochlitzer-berg.de\/index.php?rest_route=\/wp\/v2\/posts\/4335\/revisions\/4345"}],"wp:featuredmedia":[{"embeddable":true,"href":"https:\/\/www.vfa-rochlitzer-berg.de\/index.php?rest_route=\/wp\/v2\/media\/4338"}],"wp:attachment":[{"href":"https:\/\/www.vfa-rochlitzer-berg.de\/index.php?rest_route=%2Fwp%2Fv2%2Fmedia&parent=4335"}],"wp:term":[{"taxonomy":"category","embeddable":true,"href":"https:\/\/www.vfa-rochlitzer-berg.de\/index.php?rest_route=%2Fwp%2Fv2%2Fcategories&post=4335"},{"taxonomy":"post_tag","embeddable":true,"href":"https:\/\/www.vfa-rochlitzer-berg.de\/index.php?rest_route=%2Fwp%2Fv2%2Ftags&post=4335"}],"curies":[{"name":"wp","href":"https:\/\/api.w.org\/{rel}","templated":true}]}}