{"id":3952,"date":"2021-09-20T17:26:28","date_gmt":"2021-09-20T16:26:28","guid":{"rendered":"http:\/\/www.vfa-rochlitzer-berg.de\/?p=3952"},"modified":"2021-09-28T17:37:56","modified_gmt":"2021-09-28T16:37:56","slug":"mitgliederversammlung-2021","status":"publish","type":"post","link":"https:\/\/www.vfa-rochlitzer-berg.de\/?p=3952","title":{"rendered":"Mitgliederversammlung 2021"},"content":{"rendered":"<p>Am 15. September fand unsere Mitgliederversammlung f\u00fcr das Jahr 2021 statt, welche wegen Corona im Fr\u00fchjahr nicht durchgef\u00fchrt werden konnte.<br \/>\nTrotz der pandemiebedingten Einschr\u00e4nkungen wurde von allen Abteilungsleitern und Abteilungsleiterinnen f\u00fcr die vorangegangene Wahlperiode eine recht positive Entwicklung bilanziert. Einziger Wermutstropfen war die Aufl\u00f6sung der Abteilung Turnen, nachdem die \u00dcbungsleiterin ihre Arbeit beendet hatte.<br \/>\nPositiv wurde vor allem auch eingesch\u00e4tzt, dass alle Traditionsveranstaltungen wie das Kugelsto\u00dfmeeting, der Bergtriathlon, die Bergl\u00e4ufe, der Sportabzeichen-Treff sowie das beliebte \u201eRochlitzer Feriencamp\u201c trotz hoher Auflagen ohne Unterbrechung durchgef\u00fchrt wurden. Die dabei notwendigen Mehraufwendungen wurden dank des gro\u00dfen Einsatzes zahlreicher Helfer aus den Reihen der verschiedensten Abteilungen geleistet. Daf\u00fcr wurde nochmals ein herzliches Dankesch\u00f6n ausgesprochen.<br \/>\nIm Zusammenhang damit und f\u00fcr ihre unerm\u00fcdliche Arbeit f\u00fcr den Verein wurden einige Mitglieder mit der Ehrennadel bzw. Ehrenplakette des Landessportbundes ausgezeichnet.<br \/>\n<img loading=\"lazy\" decoding=\"async\" class=\"alignleft size-medium wp-image-3955\" src=\"http:\/\/www.vfa-rochlitzer-berg.de\/wp-content\/uploads\/2021\/09\/vorstand2021-300x180.jpg\" alt=\"\" width=\"300\" height=\"180\" srcset=\"https:\/\/www.vfa-rochlitzer-berg.de\/wp-content\/uploads\/2021\/09\/vorstand2021-300x180.jpg 300w, https:\/\/www.vfa-rochlitzer-berg.de\/wp-content\/uploads\/2021\/09\/vorstand2021-1024x614.jpg 1024w, https:\/\/www.vfa-rochlitzer-berg.de\/wp-content\/uploads\/2021\/09\/vorstand2021-768x461.jpg 768w, https:\/\/www.vfa-rochlitzer-berg.de\/wp-content\/uploads\/2021\/09\/vorstand2021-1536x922.jpg 1536w, https:\/\/www.vfa-rochlitzer-berg.de\/wp-content\/uploads\/2021\/09\/vorstand2021-2048x1229.jpg 2048w, https:\/\/www.vfa-rochlitzer-berg.de\/wp-content\/uploads\/2021\/09\/vorstand2021-690x414.jpg 690w\" sizes=\"auto, (max-width: 300px) 100vw, 300px\" \/><br \/>\nDie Neuwahl des Vorstandes ergab, dass sowohl dem 1. als auch dem 2. Vorsitzenden, den Sportfreunden Pedro Hartig und Torsten Hahn, sowie der Kassenwartin, der Sportfreundin Petra Krause, weiterhin das Vertrauen ausgesprochen wurde.<\/p>\n","protected":false},"excerpt":{"rendered":"<p>Am 15. September fand unsere Mitgliederversammlung f\u00fcr das Jahr 2021 statt, welche wegen Corona im Fr\u00fchjahr nicht durchgef\u00fchrt werden konnte. Trotz der pandemiebedingten Einschr\u00e4nkungen wurde von allen Abteilungsleitern und Abteilungsleiterinnen f\u00fcr die vorangegangene Wahlperiode eine recht positive Entwicklung bilanziert. Einziger Wermutstropfen war die Aufl\u00f6sung der Abteilung Turnen, nachdem die \u00dcbungsleiterin ihre Arbeit beendet hatte. Positiv &hellip; <\/p>\n<p><a class=\"more-link btn\" href=\"https:\/\/www.vfa-rochlitzer-berg.de\/?p=3952\">Weiterlesen<\/a><\/p>\n","protected":false},"author":2,"featured_media":3955,"comment_status":"closed","ping_status":"closed","sticky":false,"template":"","format":"standard","meta":{"ngg_post_thumbnail":0,"footnotes":""},"categories":[4],"tags":[],"class_list":["post-3952","post","type-post","status-publish","format-standard","has-post-thumbnail","hentry","category-news-termine","item-wrap"],"_links":{"self":[{"href":"https:\/\/www.vfa-rochlitzer-berg.de\/index.php?rest_route=\/wp\/v2\/posts\/3952","targetHints":{"allow":["GET"]}}],"collection":[{"href":"https:\/\/www.vfa-rochlitzer-berg.de\/index.php?rest_route=\/wp\/v2\/posts"}],"about":[{"href":"https:\/\/www.vfa-rochlitzer-berg.de\/index.php?rest_route=\/wp\/v2\/types\/post"}],"author":[{"embeddable":true,"href":"https:\/\/www.vfa-rochlitzer-berg.de\/index.php?rest_route=\/wp\/v2\/users\/2"}],"replies":[{"embeddable":true,"href":"https:\/\/www.vfa-rochlitzer-berg.de\/index.php?rest_route=%2Fwp%2Fv2%2Fcomments&post=3952"}],"version-history":[{"count":3,"href":"https:\/\/www.vfa-rochlitzer-berg.de\/index.php?rest_route=\/wp\/v2\/posts\/3952\/revisions"}],"predecessor-version":[{"id":3956,"href":"https:\/\/www.vfa-rochlitzer-berg.de\/index.php?rest_route=\/wp\/v2\/posts\/3952\/revisions\/3956"}],"wp:featuredmedia":[{"embeddable":true,"href":"https:\/\/www.vfa-rochlitzer-berg.de\/index.php?rest_route=\/wp\/v2\/media\/3955"}],"wp:attachment":[{"href":"https:\/\/www.vfa-rochlitzer-berg.de\/index.php?rest_route=%2Fwp%2Fv2%2Fmedia&parent=3952"}],"wp:term":[{"taxonomy":"category","embeddable":true,"href":"https:\/\/www.vfa-rochlitzer-berg.de\/index.php?rest_route=%2Fwp%2Fv2%2Fcategories&post=3952"},{"taxonomy":"post_tag","embeddable":true,"href":"https:\/\/www.vfa-rochlitzer-berg.de\/index.php?rest_route=%2Fwp%2Fv2%2Ftags&post=3952"}],"curies":[{"name":"wp","href":"https:\/\/api.w.org\/{rel}","templated":true}]}}