{"id":3852,"date":"2024-09-06T09:53:57","date_gmt":"2024-09-06T08:53:57","guid":{"rendered":"http:\/\/www.vfa-rochlitzer-berg.de\/?p=3852"},"modified":"2024-09-08T16:56:16","modified_gmt":"2024-09-08T15:56:16","slug":"fruehjahrsberglauf-2021","status":"publish","type":"post","link":"https:\/\/www.vfa-rochlitzer-berg.de\/?p=3852","title":{"rendered":"Rochlitzer Berglauf 2024"},"content":{"rendered":"<p><a href=\"http:\/\/www.vfa-rochlitzer-berg.de\/wp-content\/uploads\/2023\/09\/45-Berglauf.jpg\" rel=\"lightbox[3852]\"><img loading=\"lazy\" decoding=\"async\" class=\"alignleft size-medium wp-image-4519\" src=\"http:\/\/www.vfa-rochlitzer-berg.de\/wp-content\/uploads\/2023\/09\/45-Berglauf-300x210.jpg\" alt=\"\" width=\"300\" height=\"210\" srcset=\"https:\/\/www.vfa-rochlitzer-berg.de\/wp-content\/uploads\/2023\/09\/45-Berglauf-300x210.jpg 300w, https:\/\/www.vfa-rochlitzer-berg.de\/wp-content\/uploads\/2023\/09\/45-Berglauf-1024x717.jpg 1024w, https:\/\/www.vfa-rochlitzer-berg.de\/wp-content\/uploads\/2023\/09\/45-Berglauf-768x538.jpg 768w, https:\/\/www.vfa-rochlitzer-berg.de\/wp-content\/uploads\/2023\/09\/45-Berglauf-690x483.jpg 690w, https:\/\/www.vfa-rochlitzer-berg.de\/wp-content\/uploads\/2023\/09\/45-Berglauf.jpg 1102w\" sizes=\"auto, (max-width: 300px) 100vw, 300px\" \/><\/a>Traditionell veranstaltet der VfA \u201eRochlitzer Berg\u201c um den kalendarischen Herbstanfang den Rochlitzer B<strong>erglauf<\/strong>.&nbsp;<\/p>\n<p>Als <strong>Termin ist<\/strong>&nbsp;Samstag, der <strong>28.09.2024<\/strong> geplant. Zur Online-Anmeldung&nbsp; hier: <a href=\"https:\/\/www.vfa-rochlitzer-berg.de\/?page_id=2338\" target=\"_blank\" rel=\"noopener\"><strong>Online-Meldung<\/strong><\/a><\/p>\n<p>F\u00fcr die L\u00e4ufer stehen die klassischen<strong> Strecken \u00fcber 3,5 bzw. 10 km<\/strong> durch den Rochlitzer Bergwald und durch das Rochlitzer Schloss zur Auswahl.<\/p>\n<p>&nbsp;<\/p>\n<p>&nbsp;<\/p>\n","protected":false},"excerpt":{"rendered":"<p>Traditionell veranstaltet der VfA \u201eRochlitzer Berg\u201c um den kalendarischen Herbstanfang den Rochlitzer Berglauf.&nbsp; Als Termin ist&nbsp;Samstag, der 28.09.2024 geplant. Zur Online-Anmeldung&nbsp; hier: Online-Meldung F\u00fcr die L\u00e4ufer stehen die klassischen Strecken \u00fcber 3,5 bzw. 10 km durch den Rochlitzer Bergwald und durch das Rochlitzer Schloss zur Auswahl. &nbsp; &nbsp;<\/p>\n","protected":false},"author":2,"featured_media":3993,"comment_status":"closed","ping_status":"closed","sticky":false,"template":"","format":"standard","meta":{"ngg_post_thumbnail":0,"footnotes":""},"categories":[4,9],"tags":[],"class_list":["post-3852","post","type-post","status-publish","format-standard","has-post-thumbnail","hentry","category-news-termine","category-rochlitzer-berglauf","item-wrap"],"_links":{"self":[{"href":"https:\/\/www.vfa-rochlitzer-berg.de\/index.php?rest_route=\/wp\/v2\/posts\/3852","targetHints":{"allow":["GET"]}}],"collection":[{"href":"https:\/\/www.vfa-rochlitzer-berg.de\/index.php?rest_route=\/wp\/v2\/posts"}],"about":[{"href":"https:\/\/www.vfa-rochlitzer-berg.de\/index.php?rest_route=\/wp\/v2\/types\/post"}],"author":[{"embeddable":true,"href":"https:\/\/www.vfa-rochlitzer-berg.de\/index.php?rest_route=\/wp\/v2\/users\/2"}],"replies":[{"embeddable":true,"href":"https:\/\/www.vfa-rochlitzer-berg.de\/index.php?rest_route=%2Fwp%2Fv2%2Fcomments&post=3852"}],"version-history":[{"count":15,"href":"https:\/\/www.vfa-rochlitzer-berg.de\/index.php?rest_route=\/wp\/v2\/posts\/3852\/revisions"}],"predecessor-version":[{"id":4521,"href":"https:\/\/www.vfa-rochlitzer-berg.de\/index.php?rest_route=\/wp\/v2\/posts\/3852\/revisions\/4521"}],"wp:featuredmedia":[{"embeddable":true,"href":"https:\/\/www.vfa-rochlitzer-berg.de\/index.php?rest_route=\/wp\/v2\/media\/3993"}],"wp:attachment":[{"href":"https:\/\/www.vfa-rochlitzer-berg.de\/index.php?rest_route=%2Fwp%2Fv2%2Fmedia&parent=3852"}],"wp:term":[{"taxonomy":"category","embeddable":true,"href":"https:\/\/www.vfa-rochlitzer-berg.de\/index.php?rest_route=%2Fwp%2Fv2%2Fcategories&post=3852"},{"taxonomy":"post_tag","embeddable":true,"href":"https:\/\/www.vfa-rochlitzer-berg.de\/index.php?rest_route=%2Fwp%2Fv2%2Ftags&post=3852"}],"curies":[{"name":"wp","href":"https:\/\/api.w.org\/{rel}","templated":true}]}}