{"id":3387,"date":"2019-04-07T16:50:43","date_gmt":"2019-04-07T15:50:43","guid":{"rendered":"http:\/\/www.vfa-rochlitzer-berg.de\/?p=3387"},"modified":"2019-04-07T16:54:09","modified_gmt":"2019-04-07T15:54:09","slug":"mitgliederversammlung-2019","status":"publish","type":"post","link":"https:\/\/www.vfa-rochlitzer-berg.de\/?p=3387","title":{"rendered":"Mitgliederversammlung 2019"},"content":{"rendered":"<p>Am 05.04.2019 fand unsere <strong>Mitgliederversammlung mit Wahl des Vorstandes <\/strong>statt. 20 Mitglieder haben sich im Clubraum des Vereinsheims eingefunden. Sportfreund R. Spreer er\u00f6ffnete in der Funktion als Versammlungsleiter die Veranstaltung. Zun\u00e4chst gab Sportfreund P. Hartig ein allgemeines Res\u00fcmee zur Entwicklung des Vereins. Insgesamt konnte die Vereinsarbeit mit einer positiven Entwicklung eingesch\u00e4tzt werden. Die Gesamtmitgliederzahl stieg auf 428 an, was besonders dem Zuwachs der Abteilung Fitness zu verdanken ist, die ja in ihrem neuen Fitnessraum beste Trainingsbedingungen hat. Auch die Au\u00dfenwirkung des VfA ist besonders hervorzuheben, gerade durch die traditionellen Veranstaltungen, wie das Kugelsto\u00dfmeeting, die Bergl\u00e4ufe, dem Triathlon und das Feriencamp.<\/p>\n<p>Die Berichte der Abteilungsleiter gaben anschlie\u00dfend auch noch einen Einblick in ihre Arbeit.<\/p>\n<p><a href=\"http:\/\/www.vfa-rochlitzer-berg.de\/wp-content\/uploads\/2019\/04\/Vorstand-vfa2019.jpg\" rel=\"lightbox[3387]\"><img loading=\"lazy\" decoding=\"async\" class=\"alignleft size-medium wp-image-3390\" src=\"http:\/\/www.vfa-rochlitzer-berg.de\/wp-content\/uploads\/2019\/04\/Vorstand-vfa2019-300x214.jpg\" alt=\"\" width=\"300\" height=\"214\" srcset=\"https:\/\/www.vfa-rochlitzer-berg.de\/wp-content\/uploads\/2019\/04\/Vorstand-vfa2019-300x214.jpg 300w, https:\/\/www.vfa-rochlitzer-berg.de\/wp-content\/uploads\/2019\/04\/Vorstand-vfa2019-768x549.jpg 768w, https:\/\/www.vfa-rochlitzer-berg.de\/wp-content\/uploads\/2019\/04\/Vorstand-vfa2019-1024x732.jpg 1024w\" sizes=\"auto, (max-width: 300px) 100vw, 300px\" \/><\/a>In der Aussprache nach der Entlastung des Vorstandes wurden aber auch Kritikpunkte angesprochen. W\u00fcnschenswert w\u00e4re eine aktive Mitarbeit von j\u00fcngeren Mitgliedern mit ihren Ideen bei der Vorstandsarbeit. Ebenfalls m\u00fcssten neue engagierte \u00dcbungsleiter gewonnen werden. Die ehrenamtliche verantwortungsvolle Arbeit mit den Kindern in den \u00dcbungsgruppen beim w\u00f6chentlichen regelm\u00e4\u00dfigen Trainingsbetrieb und die Betreuung zu Wettk\u00e4mpfen werden zu gering honoriert. Man wartet nun auf die entsprechenden Versprechungen des Landessportbundes.<\/p>\n<p>Die <strong>Wahl des neuen Vorstandes<\/strong> ergab, dass P. Hartig, T. Hahn und P. Krause erneut das Vertrauen ausgesprochen wurde.<\/p>\n","protected":false},"excerpt":{"rendered":"<p>Am 05.04.2019 fand unsere Mitgliederversammlung mit Wahl des Vorstandes statt. 20 Mitglieder haben sich im Clubraum des Vereinsheims eingefunden. Sportfreund R. Spreer er\u00f6ffnete in der Funktion als Versammlungsleiter die Veranstaltung. Zun\u00e4chst gab Sportfreund P. Hartig ein allgemeines Res\u00fcmee zur Entwicklung des Vereins. Insgesamt konnte die Vereinsarbeit mit einer positiven Entwicklung eingesch\u00e4tzt werden. Die Gesamtmitgliederzahl stieg &hellip; <\/p>\n<p><a class=\"more-link btn\" href=\"https:\/\/www.vfa-rochlitzer-berg.de\/?p=3387\">Weiterlesen<\/a><\/p>\n","protected":false},"author":2,"featured_media":3390,"comment_status":"closed","ping_status":"closed","sticky":false,"template":"","format":"standard","meta":{"ngg_post_thumbnail":0,"footnotes":""},"categories":[4],"tags":[],"class_list":["post-3387","post","type-post","status-publish","format-standard","has-post-thumbnail","hentry","category-news-termine","item-wrap"],"_links":{"self":[{"href":"https:\/\/www.vfa-rochlitzer-berg.de\/index.php?rest_route=\/wp\/v2\/posts\/3387","targetHints":{"allow":["GET"]}}],"collection":[{"href":"https:\/\/www.vfa-rochlitzer-berg.de\/index.php?rest_route=\/wp\/v2\/posts"}],"about":[{"href":"https:\/\/www.vfa-rochlitzer-berg.de\/index.php?rest_route=\/wp\/v2\/types\/post"}],"author":[{"embeddable":true,"href":"https:\/\/www.vfa-rochlitzer-berg.de\/index.php?rest_route=\/wp\/v2\/users\/2"}],"replies":[{"embeddable":true,"href":"https:\/\/www.vfa-rochlitzer-berg.de\/index.php?rest_route=%2Fwp%2Fv2%2Fcomments&post=3387"}],"version-history":[{"count":4,"href":"https:\/\/www.vfa-rochlitzer-berg.de\/index.php?rest_route=\/wp\/v2\/posts\/3387\/revisions"}],"predecessor-version":[{"id":3392,"href":"https:\/\/www.vfa-rochlitzer-berg.de\/index.php?rest_route=\/wp\/v2\/posts\/3387\/revisions\/3392"}],"wp:featuredmedia":[{"embeddable":true,"href":"https:\/\/www.vfa-rochlitzer-berg.de\/index.php?rest_route=\/wp\/v2\/media\/3390"}],"wp:attachment":[{"href":"https:\/\/www.vfa-rochlitzer-berg.de\/index.php?rest_route=%2Fwp%2Fv2%2Fmedia&parent=3387"}],"wp:term":[{"taxonomy":"category","embeddable":true,"href":"https:\/\/www.vfa-rochlitzer-berg.de\/index.php?rest_route=%2Fwp%2Fv2%2Fcategories&post=3387"},{"taxonomy":"post_tag","embeddable":true,"href":"https:\/\/www.vfa-rochlitzer-berg.de\/index.php?rest_route=%2Fwp%2Fv2%2Ftags&post=3387"}],"curies":[{"name":"wp","href":"https:\/\/api.w.org\/{rel}","templated":true}]}}