{"id":3361,"date":"2019-03-23T19:46:24","date_gmt":"2019-03-23T18:46:24","guid":{"rendered":"http:\/\/www.vfa-rochlitzer-berg.de\/?p=3361"},"modified":"2019-03-26T16:46:51","modified_gmt":"2019-03-26T15:46:51","slug":"rochlitzer-fruehjahrsberglauf-2019","status":"publish","type":"post","link":"https:\/\/www.vfa-rochlitzer-berg.de\/?p=3361","title":{"rendered":"Rochlitzer Fr\u00fchjahrsberglauf 2019"},"content":{"rendered":"<p><strong>Knapp 120&nbsp;<\/strong> <strong>L\u00e4uferinnen und L\u00e4ufern <\/strong>meldeten sich bei fr\u00fchsommerlichen Temperaturen mit Sonnenschein zum Rochlitzer Fr\u00fchjahrsberglauf.&nbsp; St\u00fcrme haben Tage zuvor den Rochlitzer Bergwald nicht verschont. B\u00e4ume versperrten dadurch auch einige Waldwege. Trotzdem konnte die lange traditionelle Strecke durch den&nbsp; Bergwald \u00fcber den Rochlitzer Berg ohne Einschr\u00e4nkung gelaufen werden. Nur die kleine Runde wurde im Streckenverlauf auf 2,5 km gek\u00fcrzt. Teilweise mussten einzelne liegende Baumst\u00e4mme &nbsp;\u00fcberklettert werden. Alle Sportler passierten kurz vor dem Ziel das Rochlitzer Schloss.<br \/>\nAm Schnellsten lief die 2,5 km \u2013 Strecke <strong>Max Hammer<\/strong> (U16m), der langsam zu Seriensieger avanciert, vom Verein Medizin Wechselburg in einer Zeit von <strong>07:45 min<\/strong>. Beste L\u00e4uferin, <strong>Luisa Kempe<\/strong> (U12w) vom LV Mittweida ben\u00f6tigte <strong>09:34 min<\/strong> f\u00fcr die Strecke. Sieger \u00fcber 10,5 km wurde <strong>Norman Bayer <\/strong>&nbsp;aus Geithain in <strong>46:46 min<\/strong>. Die Streckensiegerin <strong>Vivien Never <\/strong><strong>von der SG Adelsberg<\/strong> ben\u00f6tigte <strong>52:05 min<\/strong>. Alle L\u00e4ufer erhielten zur Siegerehrung eine Urkunde, die Kinder dazu kleine Preise. Hervorzuheben ist auch die Beteiligung von den Teilnehmern der DRK Werkst\u00e4tten Geithain.<\/p>\n<p><a href=\"http:\/\/www.vfa-rochlitzer-berg.de\/wp-content\/uploads\/2019\/03\/Ergebnisse-FLauf2019.pdf\"><strong>Ergebnisse-Lauf2019<\/strong><\/a><\/p>\n<p><a href=\"http:\/\/www.vfa-rochlitzer-berg.de\/wp-content\/uploads\/2019\/03\/Flauf19-.jpg\" rel=\"lightbox[3361]\"><img loading=\"lazy\" decoding=\"async\" class=\"alignleft size-thumbnail wp-image-3366\" src=\"http:\/\/www.vfa-rochlitzer-berg.de\/wp-content\/uploads\/2019\/03\/Flauf19--150x150.jpg\" alt=\"Sieger 10km Lauf\" width=\"150\" height=\"150\"><\/a> <a href=\"http:\/\/www.vfa-rochlitzer-berg.de\/wp-content\/uploads\/2019\/03\/Flauf19-_1.jpg\" rel=\"lightbox[3361]\"><img loading=\"lazy\" decoding=\"async\" class=\"alignleft size-thumbnail wp-image-3367\" src=\"http:\/\/www.vfa-rochlitzer-berg.de\/wp-content\/uploads\/2019\/03\/Flauf19-_1-150x150.jpg\" alt=\"Sieger 2,5km Lauf\" width=\"150\" height=\"150\"><\/a> <a href=\"http:\/\/www.vfa-rochlitzer-berg.de\/wp-content\/uploads\/2019\/03\/Flauf19-_2.jpg\" rel=\"lightbox[3361]\"><img loading=\"lazy\" decoding=\"async\" class=\"alignleft size-thumbnail wp-image-3368\" src=\"http:\/\/www.vfa-rochlitzer-berg.de\/wp-content\/uploads\/2019\/03\/Flauf19-_2-150x150.jpg\" alt=\"\" width=\"150\" height=\"150\"><\/a> <a href=\"http:\/\/www.vfa-rochlitzer-berg.de\/wp-content\/uploads\/2019\/03\/Flauf19-_5.jpg\" rel=\"lightbox[3361]\"><img loading=\"lazy\" decoding=\"async\" class=\"alignleft size-thumbnail wp-image-3370\" src=\"http:\/\/www.vfa-rochlitzer-berg.de\/wp-content\/uploads\/2019\/03\/Flauf19-_5-150x150.jpg\" alt=\"\" width=\"150\" height=\"150\"><\/a> <a href=\"http:\/\/www.vfa-rochlitzer-berg.de\/wp-content\/uploads\/2019\/03\/Flauf19-_6.jpg\" rel=\"lightbox[3361]\"><img loading=\"lazy\" decoding=\"async\" class=\"alignleft size-thumbnail wp-image-3371\" src=\"http:\/\/www.vfa-rochlitzer-berg.de\/wp-content\/uploads\/2019\/03\/Flauf19-_6-150x150.jpg\" alt=\"\" width=\"150\" height=\"150\"><\/a> <a href=\"http:\/\/www.vfa-rochlitzer-berg.de\/wp-content\/uploads\/2019\/03\/Flauf19-_7.jpg\" rel=\"lightbox[3361]\"><img loading=\"lazy\" decoding=\"async\" class=\"alignleft size-thumbnail wp-image-3372\" src=\"http:\/\/www.vfa-rochlitzer-berg.de\/wp-content\/uploads\/2019\/03\/Flauf19-_7-150x150.jpg\" alt=\"Start\" width=\"150\" height=\"150\"><\/a><\/p>\n<p>&nbsp;<\/p>\n","protected":false},"excerpt":{"rendered":"<p>Knapp 120&nbsp; L\u00e4uferinnen und L\u00e4ufern meldeten sich bei fr\u00fchsommerlichen Temperaturen mit Sonnenschein zum Rochlitzer Fr\u00fchjahrsberglauf.&nbsp; St\u00fcrme haben Tage zuvor den Rochlitzer Bergwald nicht verschont. B\u00e4ume versperrten dadurch auch einige Waldwege. Trotzdem konnte die lange traditionelle Strecke durch den&nbsp; Bergwald \u00fcber den Rochlitzer Berg ohne Einschr\u00e4nkung gelaufen werden. Nur die kleine Runde wurde im Streckenverlauf auf &hellip; <\/p>\n<p><a class=\"more-link btn\" href=\"https:\/\/www.vfa-rochlitzer-berg.de\/?p=3361\">Weiterlesen<\/a><\/p>\n","protected":false},"author":2,"featured_media":3366,"comment_status":"closed","ping_status":"closed","sticky":false,"template":"","format":"standard","meta":{"ngg_post_thumbnail":0,"footnotes":""},"categories":[29,4],"tags":[28,12],"class_list":["post-3361","post","type-post","status-publish","format-standard","has-post-thumbnail","hentry","category-fruehjahrsberglauf","category-news-termine","tag-berglauf","tag-lauf","item-wrap"],"_links":{"self":[{"href":"https:\/\/www.vfa-rochlitzer-berg.de\/index.php?rest_route=\/wp\/v2\/posts\/3361","targetHints":{"allow":["GET"]}}],"collection":[{"href":"https:\/\/www.vfa-rochlitzer-berg.de\/index.php?rest_route=\/wp\/v2\/posts"}],"about":[{"href":"https:\/\/www.vfa-rochlitzer-berg.de\/index.php?rest_route=\/wp\/v2\/types\/post"}],"author":[{"embeddable":true,"href":"https:\/\/www.vfa-rochlitzer-berg.de\/index.php?rest_route=\/wp\/v2\/users\/2"}],"replies":[{"embeddable":true,"href":"https:\/\/www.vfa-rochlitzer-berg.de\/index.php?rest_route=%2Fwp%2Fv2%2Fcomments&post=3361"}],"version-history":[{"count":7,"href":"https:\/\/www.vfa-rochlitzer-berg.de\/index.php?rest_route=\/wp\/v2\/posts\/3361\/revisions"}],"predecessor-version":[{"id":3378,"href":"https:\/\/www.vfa-rochlitzer-berg.de\/index.php?rest_route=\/wp\/v2\/posts\/3361\/revisions\/3378"}],"wp:featuredmedia":[{"embeddable":true,"href":"https:\/\/www.vfa-rochlitzer-berg.de\/index.php?rest_route=\/wp\/v2\/media\/3366"}],"wp:attachment":[{"href":"https:\/\/www.vfa-rochlitzer-berg.de\/index.php?rest_route=%2Fwp%2Fv2%2Fmedia&parent=3361"}],"wp:term":[{"taxonomy":"category","embeddable":true,"href":"https:\/\/www.vfa-rochlitzer-berg.de\/index.php?rest_route=%2Fwp%2Fv2%2Fcategories&post=3361"},{"taxonomy":"post_tag","embeddable":true,"href":"https:\/\/www.vfa-rochlitzer-berg.de\/index.php?rest_route=%2Fwp%2Fv2%2Ftags&post=3361"}],"curies":[{"name":"wp","href":"https:\/\/api.w.org\/{rel}","templated":true}]}}