{"id":3248,"date":"2026-02-07T09:56:27","date_gmt":"2026-02-07T08:56:27","guid":{"rendered":"http:\/\/www.vfa-rochlitzer-berg.de\/?p=3248"},"modified":"2026-02-07T10:12:59","modified_gmt":"2026-02-07T09:12:59","slug":"rochlitzer-feriencamp-2019","status":"publish","type":"post","link":"https:\/\/www.vfa-rochlitzer-berg.de\/?p=3248","title":{"rendered":"Rochlitzer Feriencamp 2026"},"content":{"rendered":"\r\n<div class=\"wp-block-image\">\r\n<figure class=\"alignright is-resized\"><img loading=\"lazy\" decoding=\"async\" class=\"wp-image-3250\" src=\"http:\/\/www.vfa-rochlitzer-berg.de\/wp-content\/uploads\/2019\/01\/logo.jpg\" alt=\"\" width=\"311\" height=\"227\" srcset=\"https:\/\/www.vfa-rochlitzer-berg.de\/wp-content\/uploads\/2019\/01\/logo.jpg 312w, https:\/\/www.vfa-rochlitzer-berg.de\/wp-content\/uploads\/2019\/01\/logo-300x219.jpg 300w\" sizes=\"auto, (max-width: 311px) 100vw, 311px\" \/><\/figure>\r\n<\/div>\r\n\r\n\r\n\r\n<p>Die Verantwortlichen des Feriencamps planen schon f\u00fcr die Sommersaison 2026. Auf dem Gel\u00e4nde in Biesern werden wieder die Zelte aufgeschlagen. Jeweils ca. 45 Kinder pro Woche k\u00f6nnen dann in 5 Durchg\u00e4ngen erlebnisreiche Ferientage bei Sport und Spiel in der Natur erleben. Es wartet erneut ein buntes Programm mit vielen H\u00f6hepunkten auf alle Kinder zwischen 7 und 15 Jahren.<\/p>\r\n\r\n\r\n\r\n<p>Mehr <strong>Informationen<\/strong> und <strong>Termine<\/strong> der einzelnen Wochen findet ihr <strong><a href=\"https:\/\/feriencamp-rochlitz.de\">hier&#8230;<\/a><\/strong><br><br>Wie gewohnt wird die <strong>Anmeldung<\/strong> f\u00fcr die einzelnen Wochen <strong>am 01.03.2026<\/strong> um 00:00 Uhr freigeschaltet und die Reservierung der begehrten Camppl\u00e4tze kann beginnen.<br><br>Bis dahin arbeiten wir im Hintergrund an der Planung eines erfolgreichen Campsommers und freuen uns schon jetzt auf zahlreiche Anmeldungen.<br><br>Euer Feriencamp-Team<\/p>\r\n","protected":false},"excerpt":{"rendered":"<p>Die Verantwortlichen des Feriencamps planen schon f\u00fcr die Sommersaison 2026. Auf dem Gel\u00e4nde in Biesern werden wieder die Zelte aufgeschlagen. Jeweils ca. 45 Kinder pro Woche k\u00f6nnen dann in 5 Durchg\u00e4ngen erlebnisreiche Ferientage bei Sport und Spiel in der Natur erleben. Es wartet erneut ein buntes Programm mit vielen H\u00f6hepunkten auf alle Kinder zwischen 7 &hellip; <\/p>\n<p><a class=\"more-link btn\" href=\"https:\/\/www.vfa-rochlitzer-berg.de\/?p=3248\">Weiterlesen<\/a><\/p>\n","protected":false},"author":3,"featured_media":3250,"comment_status":"closed","ping_status":"closed","sticky":false,"template":"","format":"standard","meta":{"ngg_post_thumbnail":0,"footnotes":""},"categories":[35,4],"tags":[],"class_list":["post-3248","post","type-post","status-publish","format-standard","has-post-thumbnail","hentry","category-feriencamp","category-news-termine","item-wrap"],"_links":{"self":[{"href":"https:\/\/www.vfa-rochlitzer-berg.de\/index.php?rest_route=\/wp\/v2\/posts\/3248","targetHints":{"allow":["GET"]}}],"collection":[{"href":"https:\/\/www.vfa-rochlitzer-berg.de\/index.php?rest_route=\/wp\/v2\/posts"}],"about":[{"href":"https:\/\/www.vfa-rochlitzer-berg.de\/index.php?rest_route=\/wp\/v2\/types\/post"}],"author":[{"embeddable":true,"href":"https:\/\/www.vfa-rochlitzer-berg.de\/index.php?rest_route=\/wp\/v2\/users\/3"}],"replies":[{"embeddable":true,"href":"https:\/\/www.vfa-rochlitzer-berg.de\/index.php?rest_route=%2Fwp%2Fv2%2Fcomments&post=3248"}],"version-history":[{"count":21,"href":"https:\/\/www.vfa-rochlitzer-berg.de\/index.php?rest_route=\/wp\/v2\/posts\/3248\/revisions"}],"predecessor-version":[{"id":4730,"href":"https:\/\/www.vfa-rochlitzer-berg.de\/index.php?rest_route=\/wp\/v2\/posts\/3248\/revisions\/4730"}],"wp:featuredmedia":[{"embeddable":true,"href":"https:\/\/www.vfa-rochlitzer-berg.de\/index.php?rest_route=\/wp\/v2\/media\/3250"}],"wp:attachment":[{"href":"https:\/\/www.vfa-rochlitzer-berg.de\/index.php?rest_route=%2Fwp%2Fv2%2Fmedia&parent=3248"}],"wp:term":[{"taxonomy":"category","embeddable":true,"href":"https:\/\/www.vfa-rochlitzer-berg.de\/index.php?rest_route=%2Fwp%2Fv2%2Fcategories&post=3248"},{"taxonomy":"post_tag","embeddable":true,"href":"https:\/\/www.vfa-rochlitzer-berg.de\/index.php?rest_route=%2Fwp%2Fv2%2Ftags&post=3248"}],"curies":[{"name":"wp","href":"https:\/\/api.w.org\/{rel}","templated":true}]}}