{"id":3068,"date":"2018-05-11T11:04:39","date_gmt":"2018-05-11T10:04:39","guid":{"rendered":"http:\/\/www.vfa-rochlitzer-berg.de\/?p=3068"},"modified":"2018-05-13T10:29:08","modified_gmt":"2018-05-13T09:29:08","slug":"vereinswandertag-2","status":"publish","type":"post","link":"https:\/\/www.vfa-rochlitzer-berg.de\/?p=3068","title":{"rendered":"Vereinswandertag"},"content":{"rendered":"<p>Der VfA \u201eRochlitzer Berg\u201c e.V. nahm die Fertigstellung und Neugestaltung der Mordgrundbr\u00fccke zum Anla\u00df, eine Wanderung f\u00fcr unsere Mitglieder auf den Rochlitzer Berg zu organisieren. Als Termin planten wir den 6. Mai an. \u00dcber die Abteilungsleiter wurde die frohe Kunde schnell in alle Gruppen kommuniziert und so konnte eine Truppe von 24 Personen + 1 Hund, bei super Wetter und bester Laune, am Sonntag morgen um 10:00 Uhr, von der Bleiche aus starten. Auf unserem Weg berichtete uns unser ehemaliger \u201eH\u00e4uptling\u201c Sportfreund Rainer Spreer, der zwischenzeitlich eine Ausbildung als Georancher absolviert hat, an mehreren Stationen Wissenswertes in geologischer, historischer und regionaler&nbsp; Hinsicht. Wenn es um die Natur ging wurde er dabei auch von Torsten Hahn unterst\u00fctzt. Somit war es eine kurzweilige Wanderung und das es bergan ging war einigen kaum anzumerken.<\/p>\n<p>&nbsp;<a href=\"http:\/\/www.vfa-rochlitzer-berg.de\/wp-content\/uploads\/2018\/05\/wanderung1.jpg\" rel=\"lightbox[3068]\"><img loading=\"lazy\" decoding=\"async\" class=\"alignleft wp-image-3071 size-thumbnail\" src=\"http:\/\/www.vfa-rochlitzer-berg.de\/wp-content\/uploads\/2018\/05\/wanderung1-150x150.jpg\" alt=\"\" width=\"150\" height=\"150\"><\/a> <a href=\"http:\/\/www.vfa-rochlitzer-berg.de\/wp-content\/uploads\/2018\/05\/wanderung2-1.jpg\" rel=\"lightbox[3068]\"><img loading=\"lazy\" decoding=\"async\" class=\"alignleft wp-image-3072 size-thumbnail\" src=\"http:\/\/www.vfa-rochlitzer-berg.de\/wp-content\/uploads\/2018\/05\/wanderung2-1-150x150.jpg\" alt=\"\" width=\"150\" height=\"150\"><\/a><a href=\"http:\/\/www.vfa-rochlitzer-berg.de\/wp-content\/uploads\/2018\/05\/Wanderung.jpg\" rel=\"lightbox[3068]\"><img loading=\"lazy\" decoding=\"async\" class=\"alignleft wp-image-3073 size-thumbnail\" src=\"http:\/\/www.vfa-rochlitzer-berg.de\/wp-content\/uploads\/2018\/05\/Wanderung-150x150.jpg\" alt=\"\" width=\"150\" height=\"150\"><\/a>Mitglieder der Abteilung Feriencamp hatten zur Mittagszeit einen kleinen Imbiss am ehemaligen Sozialgeb\u00e4ude der Steinmetze f\u00fcr uns vorbereitet. Nach dieser St\u00e4rkung und Pause inmitten herrlicher Natur war f\u00fcr einige und besonders die Kinder der Aufstieg auf den Friedrich-August-Turm kein Kraftakt.<\/p>\n<p>Danach machten wir uns langsam auf den Heimweg. Zum Gl\u00fcck war es trocken, denn der Weg Richtung S\u00f6rnziger H\u00e4nge war sehr von Forstfahrzeugen zerfahren und noch nicht wieder in Ordnung gebracht. Aber es ging alles gut. Wir erlebten einen sehr sch\u00f6nen Tag und danken allen Beteiligten.<\/p>\n<p>Petra Krause<\/p>\n","protected":false},"excerpt":{"rendered":"<p>Der VfA \u201eRochlitzer Berg\u201c e.V. nahm die Fertigstellung und Neugestaltung der Mordgrundbr\u00fccke zum Anla\u00df, eine Wanderung f\u00fcr unsere Mitglieder auf den Rochlitzer Berg zu organisieren. Als Termin planten wir den 6. Mai an. \u00dcber die Abteilungsleiter wurde die frohe Kunde schnell in alle Gruppen kommuniziert und so konnte eine Truppe von 24 Personen + 1 &hellip; <\/p>\n<p><a class=\"more-link btn\" href=\"https:\/\/www.vfa-rochlitzer-berg.de\/?p=3068\">Weiterlesen<\/a><\/p>\n","protected":false},"author":2,"featured_media":3070,"comment_status":"closed","ping_status":"closed","sticky":false,"template":"","format":"standard","meta":{"ngg_post_thumbnail":0,"footnotes":""},"categories":[1,4],"tags":[],"class_list":["post-3068","post","type-post","status-publish","format-standard","has-post-thumbnail","hentry","category-allgemein","category-news-termine","item-wrap"],"_links":{"self":[{"href":"https:\/\/www.vfa-rochlitzer-berg.de\/index.php?rest_route=\/wp\/v2\/posts\/3068","targetHints":{"allow":["GET"]}}],"collection":[{"href":"https:\/\/www.vfa-rochlitzer-berg.de\/index.php?rest_route=\/wp\/v2\/posts"}],"about":[{"href":"https:\/\/www.vfa-rochlitzer-berg.de\/index.php?rest_route=\/wp\/v2\/types\/post"}],"author":[{"embeddable":true,"href":"https:\/\/www.vfa-rochlitzer-berg.de\/index.php?rest_route=\/wp\/v2\/users\/2"}],"replies":[{"embeddable":true,"href":"https:\/\/www.vfa-rochlitzer-berg.de\/index.php?rest_route=%2Fwp%2Fv2%2Fcomments&post=3068"}],"version-history":[{"count":3,"href":"https:\/\/www.vfa-rochlitzer-berg.de\/index.php?rest_route=\/wp\/v2\/posts\/3068\/revisions"}],"predecessor-version":[{"id":3076,"href":"https:\/\/www.vfa-rochlitzer-berg.de\/index.php?rest_route=\/wp\/v2\/posts\/3068\/revisions\/3076"}],"wp:featuredmedia":[{"embeddable":true,"href":"https:\/\/www.vfa-rochlitzer-berg.de\/index.php?rest_route=\/wp\/v2\/media\/3070"}],"wp:attachment":[{"href":"https:\/\/www.vfa-rochlitzer-berg.de\/index.php?rest_route=%2Fwp%2Fv2%2Fmedia&parent=3068"}],"wp:term":[{"taxonomy":"category","embeddable":true,"href":"https:\/\/www.vfa-rochlitzer-berg.de\/index.php?rest_route=%2Fwp%2Fv2%2Fcategories&post=3068"},{"taxonomy":"post_tag","embeddable":true,"href":"https:\/\/www.vfa-rochlitzer-berg.de\/index.php?rest_route=%2Fwp%2Fv2%2Ftags&post=3068"}],"curies":[{"name":"wp","href":"https:\/\/api.w.org\/{rel}","templated":true}]}}