{"id":2963,"date":"2018-03-25T15:22:36","date_gmt":"2018-03-25T14:22:36","guid":{"rendered":"http:\/\/www.vfa-rochlitzer-berg.de\/?p=2963"},"modified":"2018-03-25T15:24:49","modified_gmt":"2018-03-25T14:24:49","slug":"rochlitzer-fruehjahrsberglauf-2018","status":"publish","type":"post","link":"https:\/\/www.vfa-rochlitzer-berg.de\/?p=2963","title":{"rendered":"Rochlitzer Fr\u00fchjahrsberglauf 2018"},"content":{"rendered":"<p><strong>70<\/strong> <strong>L\u00e4uferinnen und L\u00e4ufern <\/strong>stellten sich p\u00fcnktlich 9:30 Uhr an die Startlinie zum Rochlitzer Fr\u00fchjahrsberglauf. Das Wetter hatte es mit den Sportlern, die sich in der Natur bewegen, gut gemeint. Nach der langen Frostperiode schien an dem Vormittag endlich die Sonne. Trotzdem waren die Wege im Rochlitzer Bergwald teilweise noch schlammig, bedingt durch die Aufr\u00e4umarbeiten von Sturmsch\u00e4den. Einige Teilnehmer hat dies sicher auch vorm Start abgehalten.<br \/>\nDie traditionellen Strecken von 3,5 bzw. 10,5 km wurden unter die Laufschuhe genommen, wobei die lange Distanz \u00fcber den Rochlitzer Berg f\u00fchrte. Beide verlaufen auch kurz vor dem Ziel durch das Rochlitzer Schloss.<br \/>\nAm Schnellsten lief die 3,5 km \u2013 Strecke zum wiederholten Mal <strong>Max Hammer<\/strong> (U14m) vom Verein Medizin Wechselburg in einer Zeit von <strong>15:33 min<\/strong>. Beste L\u00e4uferin, <strong>Tessa Eidam<\/strong> (U16w) ebenfalls aus Wechselburg ben\u00f6tigte <strong>18:15min<\/strong> f\u00fcr die Strecke.Sieger \u00fcber 10,5 km wurde <strong>Fabio M\u00fcller<\/strong> aus Geithain in <strong>45:18 min<\/strong>. Die Streckensiegerin <strong>Josephin Kunze<\/strong> ben\u00f6tigte <strong>51:24 min<\/strong>. Alle L\u00e4ufer erhielten zur Siegerehrung eine Urkunde vom Ehrenmitglied des VfA, Rainer Speer, die Kinder dazu kleine Preise. Hervorzuheben ist auch die Beteiligung von den Teilnehmern der DRK Werkst\u00e4tten Geithain.&nbsp; <a href=\"http:\/\/www.vfa-rochlitzer-berg.de\/wp-content\/uploads\/2018\/03\/Ergebnisse-Fr\u00fchjahrsberglauf-18.pdf\"><strong>&gt;&gt;Ergebnisse-Fr\u00fchjahrsberglauf-18&lt;&lt;<\/strong><\/a><\/p>\n<p>&nbsp;<a href=\"http:\/\/www.vfa-rochlitzer-berg.de\/wp-content\/uploads\/2018\/03\/Start.jpg\" rel=\"lightbox[2963]\"><img loading=\"lazy\" decoding=\"async\" class=\"alignleft size-thumbnail wp-image-2968\" src=\"http:\/\/www.vfa-rochlitzer-berg.de\/wp-content\/uploads\/2018\/03\/Start-150x150.jpg\" alt=\"\" width=\"150\" height=\"150\"><\/a> <a href=\"http:\/\/www.vfa-rochlitzer-berg.de\/wp-content\/uploads\/2018\/03\/Sieger-35-km.jpg\" rel=\"lightbox[2963]\"><img loading=\"lazy\" decoding=\"async\" class=\"alignleft size-thumbnail wp-image-2969\" src=\"http:\/\/www.vfa-rochlitzer-berg.de\/wp-content\/uploads\/2018\/03\/Sieger-35-km-150x150.jpg\" alt=\"\" width=\"150\" height=\"150\"><\/a><a href=\"http:\/\/www.vfa-rochlitzer-berg.de\/wp-content\/uploads\/2018\/03\/Sieger-10-km.jpg\" rel=\"lightbox[2963]\"><img loading=\"lazy\" decoding=\"async\" class=\"alignleft size-thumbnail wp-image-2970\" src=\"http:\/\/www.vfa-rochlitzer-berg.de\/wp-content\/uploads\/2018\/03\/Sieger-10-km-150x150.jpg\" alt=\"\" width=\"150\" height=\"150\"><\/a> <a href=\"http:\/\/www.vfa-rochlitzer-berg.de\/wp-content\/uploads\/2018\/03\/Siegerin-10-km.jpg\" rel=\"lightbox[2963]\"><img loading=\"lazy\" decoding=\"async\" class=\"alignleft size-thumbnail wp-image-2967\" src=\"http:\/\/www.vfa-rochlitzer-berg.de\/wp-content\/uploads\/2018\/03\/Siegerin-10-km-150x150.jpg\" alt=\"\" width=\"150\" height=\"150\"><\/a><\/p>\n","protected":false},"excerpt":{"rendered":"<p>70 L\u00e4uferinnen und L\u00e4ufern stellten sich p\u00fcnktlich 9:30 Uhr an die Startlinie zum Rochlitzer Fr\u00fchjahrsberglauf. Das Wetter hatte es mit den Sportlern, die sich in der Natur bewegen, gut gemeint. Nach der langen Frostperiode schien an dem Vormittag endlich die Sonne. Trotzdem waren die Wege im Rochlitzer Bergwald teilweise noch schlammig, bedingt durch die Aufr\u00e4umarbeiten &hellip; <\/p>\n<p><a class=\"more-link btn\" href=\"https:\/\/www.vfa-rochlitzer-berg.de\/?p=2963\">Weiterlesen<\/a><\/p>\n","protected":false},"author":2,"featured_media":2967,"comment_status":"closed","ping_status":"closed","sticky":false,"template":"","format":"standard","meta":{"ngg_post_thumbnail":0,"footnotes":""},"categories":[29,4],"tags":[28,12],"class_list":["post-2963","post","type-post","status-publish","format-standard","has-post-thumbnail","hentry","category-fruehjahrsberglauf","category-news-termine","tag-berglauf","tag-lauf","item-wrap"],"_links":{"self":[{"href":"https:\/\/www.vfa-rochlitzer-berg.de\/index.php?rest_route=\/wp\/v2\/posts\/2963","targetHints":{"allow":["GET"]}}],"collection":[{"href":"https:\/\/www.vfa-rochlitzer-berg.de\/index.php?rest_route=\/wp\/v2\/posts"}],"about":[{"href":"https:\/\/www.vfa-rochlitzer-berg.de\/index.php?rest_route=\/wp\/v2\/types\/post"}],"author":[{"embeddable":true,"href":"https:\/\/www.vfa-rochlitzer-berg.de\/index.php?rest_route=\/wp\/v2\/users\/2"}],"replies":[{"embeddable":true,"href":"https:\/\/www.vfa-rochlitzer-berg.de\/index.php?rest_route=%2Fwp%2Fv2%2Fcomments&post=2963"}],"version-history":[{"count":6,"href":"https:\/\/www.vfa-rochlitzer-berg.de\/index.php?rest_route=\/wp\/v2\/posts\/2963\/revisions"}],"predecessor-version":[{"id":2974,"href":"https:\/\/www.vfa-rochlitzer-berg.de\/index.php?rest_route=\/wp\/v2\/posts\/2963\/revisions\/2974"}],"wp:featuredmedia":[{"embeddable":true,"href":"https:\/\/www.vfa-rochlitzer-berg.de\/index.php?rest_route=\/wp\/v2\/media\/2967"}],"wp:attachment":[{"href":"https:\/\/www.vfa-rochlitzer-berg.de\/index.php?rest_route=%2Fwp%2Fv2%2Fmedia&parent=2963"}],"wp:term":[{"taxonomy":"category","embeddable":true,"href":"https:\/\/www.vfa-rochlitzer-berg.de\/index.php?rest_route=%2Fwp%2Fv2%2Fcategories&post=2963"},{"taxonomy":"post_tag","embeddable":true,"href":"https:\/\/www.vfa-rochlitzer-berg.de\/index.php?rest_route=%2Fwp%2Fv2%2Ftags&post=2963"}],"curies":[{"name":"wp","href":"https:\/\/api.w.org\/{rel}","templated":true}]}}