{"id":2899,"date":"2018-01-29T20:07:54","date_gmt":"2018-01-29T19:07:54","guid":{"rendered":"http:\/\/www.vfa-rochlitzer-berg.de\/?p=2899"},"modified":"2018-01-29T20:13:51","modified_gmt":"2018-01-29T19:13:51","slug":"12-rochlitzer-sparkassen-kugelstossmeeting","status":"publish","type":"post","link":"https:\/\/www.vfa-rochlitzer-berg.de\/?p=2899","title":{"rendered":"12. Rochlitzer Sparkassen-Kugelsto\u00dfmeeting"},"content":{"rendered":"<p><strong>Kugelsto\u00dfh\u00fchnen zum 12. Mal in Rochlitz<\/strong><\/p>\n<p>Die Besucher k\u00f6nnen sich auf hochkar\u00e4tige und spannende Wettk\u00e4mpfe auf Weltklasseniveau freuen. Das Highlight des Tages verspricht das Kugelsto\u00dfen der M\u00e4nner zu werden denn hier trifft der 2malige Weltmeister und 3malige Europameister&nbsp; <strong>David Storl <\/strong>(SC DHfK Leipzig) auf den Aufsteiger der Hallensaison, <strong>Patrick M\u00fcller<\/strong> (SC Neubrandenburg), der mit 20,14 m aufhorchen lie\u00df und dem besten Deutschen auf den Fersen ist, bei beiden geht es um die Hallen WM Norm von 20,80 m. Zu diesen beiden gesellen sich noch internationale Konkurrenten mit Bob Bertemes aus Luxemburg sowohl Gregori Ott und Stefan Wieland aus der Schweiz. Sein Comeback in Rochlitz wird <strong>Tobias Dahm<\/strong> (VfL Sindelfingen) in Rochlitz feiern, nach einem Achhillessehnenriss ist er wieder fit und will Wettkampfpraxis sammeln.<!--more--><\/p>\n<p>Bei den Frauen hat sich mit <strong>Gao Yang<\/strong> (China) die f\u00fcnfte der aktuellen Weltmeisterschaften angek\u00fcndigt. Sie wird auf die gesamte deutsche Elite treffen, die sich an der Hallen WM Norm von 18,20 m versuchen werden. Gespannt kann man auf den Auftritt der U 20 Weltmeisterin von 2016 <strong>Alina Kenzel<\/strong> sein, doch auch<strong> Sarah Schmidt<\/strong> (LV 90 Erzgebirge) wird mit dabei sein. F\u00fcr die geb\u00fcrtige Harthaerin ist es ein Heimspiel. <strong>Christina Schwanitz<\/strong> (LV 90 Erzgebirge) l\u00e4sst f\u00fcr einen Zielgerichteten Aufbau nach ihrer Schwangerschaft die Hallensaison aus. Dennoch wird sie nach Rochlitz als Zuschauerin kommen und Autogrammw\u00fcnsche erf\u00fcllen.<\/p>\n<p>Ebenso ein Heimspiel wird <strong>Sandy Uhlig<\/strong> (LG Mittweida) haben, die 6. der U18 Weltmeisterschaften im Diskuswerfen, wird sich in der U20 der Deutschen Kugelsto\u00dfkonkurrenz stellen.<\/p>\n<p>Auch die beiden Publikumslieblinge, die 2 Olympiasieger der Paralympischen Spiele <strong>Daniel Scheil<\/strong> und <strong>Nico Kappel<\/strong> werden die Fans in der Regenbogenturnhalle wieder in ihren Bann ziehen und zeigen welch Faszination, diese Sportart selbst mit Behinderung aus\u00fcben kann.<\/p>\n<p>Dazu wird es in der Paus zwischen Frauen und M\u00e4nnerwettbewerb eine <strong>Turnpr\u00e4sentation<\/strong> am Schwebebalken geben. Hier wird die <strong>Trainingsgruppe vom TuS Chemnitz-Altendorf<\/strong> spektakul\u00e4re \u00dcbungen auf dem schmalen Ger\u00e4t zeigen.<\/p>\n<p>Bis das gro\u00dfe Sportspektakel steigt m\u00fcssen die Organisatoren vom VfA \u201eRochlitzer Berg\u201c&nbsp; aber noch viele H\u00fcrden bew\u00e4ltigen. \u201e Das Interesse&nbsp; an der Veranstaltung aus dem In-und Ausland ist steigt stetig, dennoch m\u00fcssen wir bei 60-70 Teilnehmer die Grenze ziehen. &nbsp;Ohne die Unterst\u00fctzung der &nbsp;vielen &nbsp;Sponsoren der Stadtverwaltung Rochlitz, des Landratsamts Mittelsachsen und der Helfer vom &nbsp;VfA \u201eRochlitzer Berg\u201c sowie der LG Mittweida k\u00f6nnen wir so eine Veranstaltung nicht stemmen.\u201c so Sperling<\/p>\n<p>Wenn diese H\u00fcrden \u00fcberwunden sind wird es in Rochlitz wieder Spitzensport mit Weltklasseniveau geben. Dass dieser Wettkampf ein gro\u00dfes Ansehen unter den Athleten genie\u00dft und auch \u00fcber die europ\u00e4ischen Grenzen bekannt ist zeigen die exquisiten Starterfelder. Ich hoffe, das wieder viele Fans die Sportler unterst\u00fctzen und f\u00fcr die tolle Stimmung sorgen werden f\u00fcr die die Veranstaltung bekannt ist damit man auch im n\u00e4chseten Jahr sagen kann. \u201eRochlitz, da muss ich hin\u201c<\/p>\n<p><strong>Service:<\/strong><\/p>\n<p><strong>Datum<\/strong>: 04.02. 2018<\/p>\n<p><strong>Beginn:<\/strong> 14.00 Uhr (Vorprogramm ab 10.00 Uhr)<\/p>\n<p><strong>Wo:<\/strong> Sporthalle am Regenbogen, Am Regenbogen 23<\/p>\n<p><strong>Karten: gibt&nbsp; es&nbsp; bis 02.02.&nbsp; in der Rochlitzer Touristinformation<\/strong><\/p>\n<p><strong>Preis: Erwachsene 4 \u20ac, Kinder bis 14 Jahre\/Behinderte: 2,50 \u20ac<\/strong><\/p>\n","protected":false},"excerpt":{"rendered":"<p>Kugelsto\u00dfh\u00fchnen zum 12. Mal in Rochlitz Die Besucher k\u00f6nnen sich auf hochkar\u00e4tige und spannende Wettk\u00e4mpfe auf Weltklasseniveau freuen. Das Highlight des Tages verspricht das Kugelsto\u00dfen der M\u00e4nner zu werden denn hier trifft der 2malige Weltmeister und 3malige Europameister&nbsp; David Storl (SC DHfK Leipzig) auf den Aufsteiger der Hallensaison, Patrick M\u00fcller (SC Neubrandenburg), der mit 20,14 &hellip; <\/p>\n<p><a class=\"more-link btn\" href=\"https:\/\/www.vfa-rochlitzer-berg.de\/?p=2899\">Weiterlesen<\/a><\/p>\n","protected":false},"author":2,"featured_media":0,"comment_status":"closed","ping_status":"closed","sticky":false,"template":"","format":"standard","meta":{"ngg_post_thumbnail":0,"footnotes":""},"categories":[18,4],"tags":[],"class_list":["post-2899","post","type-post","status-publish","format-standard","hentry","category-leichtathletik","category-news-termine","item-wrap"],"_links":{"self":[{"href":"https:\/\/www.vfa-rochlitzer-berg.de\/index.php?rest_route=\/wp\/v2\/posts\/2899","targetHints":{"allow":["GET"]}}],"collection":[{"href":"https:\/\/www.vfa-rochlitzer-berg.de\/index.php?rest_route=\/wp\/v2\/posts"}],"about":[{"href":"https:\/\/www.vfa-rochlitzer-berg.de\/index.php?rest_route=\/wp\/v2\/types\/post"}],"author":[{"embeddable":true,"href":"https:\/\/www.vfa-rochlitzer-berg.de\/index.php?rest_route=\/wp\/v2\/users\/2"}],"replies":[{"embeddable":true,"href":"https:\/\/www.vfa-rochlitzer-berg.de\/index.php?rest_route=%2Fwp%2Fv2%2Fcomments&post=2899"}],"version-history":[{"count":4,"href":"https:\/\/www.vfa-rochlitzer-berg.de\/index.php?rest_route=\/wp\/v2\/posts\/2899\/revisions"}],"predecessor-version":[{"id":2903,"href":"https:\/\/www.vfa-rochlitzer-berg.de\/index.php?rest_route=\/wp\/v2\/posts\/2899\/revisions\/2903"}],"wp:attachment":[{"href":"https:\/\/www.vfa-rochlitzer-berg.de\/index.php?rest_route=%2Fwp%2Fv2%2Fmedia&parent=2899"}],"wp:term":[{"taxonomy":"category","embeddable":true,"href":"https:\/\/www.vfa-rochlitzer-berg.de\/index.php?rest_route=%2Fwp%2Fv2%2Fcategories&post=2899"},{"taxonomy":"post_tag","embeddable":true,"href":"https:\/\/www.vfa-rochlitzer-berg.de\/index.php?rest_route=%2Fwp%2Fv2%2Ftags&post=2899"}],"curies":[{"name":"wp","href":"https:\/\/api.w.org\/{rel}","templated":true}]}}