{"id":2328,"date":"2018-02-26T10:10:10","date_gmt":"2018-02-26T09:10:10","guid":{"rendered":"http:\/\/www.vfa-rochlitzer-berg.de\/?p=2328"},"modified":"2018-08-23T09:02:17","modified_gmt":"2018-08-23T08:02:17","slug":"anmeldung-feriencamp-2016","status":"publish","type":"post","link":"https:\/\/www.vfa-rochlitzer-berg.de\/?p=2328","title":{"rendered":"Anmeldung- Feriencamp 2018"},"content":{"rendered":"<p><a href=\"http:\/\/www.vfa-rochlitzer-berg.de\/wp-content\/uploads\/2013\/02\/logo.gif\" rel=\"attachment wp-att-931\" rel=\"lightbox[2328]\"><img loading=\"lazy\" decoding=\"async\" width=\"300\" height=\"297\" class=\"alignleft size-medium wp-image-931\" style=\"width: 165px; height: 164px; margin: 2px; float: left; border-width: 1px; border-style: solid;\" src=\"http:\/\/www.vfa-rochlitzer-berg.de\/wp-content\/uploads\/2013\/02\/logo-300x297.gif\" alt=\"FC-logo\" srcset=\"https:\/\/www.vfa-rochlitzer-berg.de\/wp-content\/uploads\/2013\/02\/logo-300x297.gif 300w, https:\/\/www.vfa-rochlitzer-berg.de\/wp-content\/uploads\/2013\/02\/logo-150x150.gif 150w\" sizes=\"auto, (max-width: 300px) 100vw, 300px\" \/><\/a>Zum 29. Mal organisiert der VfA in den Sommerferien das <strong>Feriencamp<\/strong>. Auch 2018 werden auf dem Gel\u00e4nde in Biesern die Zelte aufgeschlagen. Jeweils ca. 45 Kinder pro Woche k\u00f6nnen dann in 5 Durchg\u00e4ngen erlebnisreiche Ferientage bei Sport und Spiel in der Natur erleben. Es wartet erneut ein buntes Programm mit vielen H\u00f6hepunkten auf alle Kinder zwischen 7 und 15 Jahren.<\/p>\n<p><strong>Die Anmeldung<\/strong> erfolgt ab dem <strong>1. M\u00e4rz <\/strong>und ausschlie\u00dflich <a href=\"http:\/\/www.vfa-rochlitzer-berg.de\/?page_id=2293\" rel=\"noopener\">online hier&nbsp;<\/a><\/p>\n<p>Dort gibt es auch zus\u00e4tzliche Infos zum Feriencamp des Vereins.<\/p>\n","protected":false},"excerpt":{"rendered":"<p>Zum 29. Mal organisiert der VfA in den Sommerferien das Feriencamp. Auch 2018 werden auf dem Gel\u00e4nde in Biesern die Zelte aufgeschlagen. Jeweils ca. 45 Kinder pro Woche k\u00f6nnen dann in 5 Durchg\u00e4ngen erlebnisreiche Ferientage bei Sport und Spiel in der Natur erleben. Es wartet erneut ein buntes Programm mit vielen H\u00f6hepunkten auf alle Kinder &hellip; <\/p>\n<p><a class=\"more-link btn\" href=\"https:\/\/www.vfa-rochlitzer-berg.de\/?p=2328\">Weiterlesen<\/a><\/p>\n","protected":false},"author":2,"featured_media":0,"comment_status":"closed","ping_status":"closed","sticky":false,"template":"","format":"standard","meta":{"ngg_post_thumbnail":0,"footnotes":""},"categories":[35,36],"tags":[],"class_list":["post-2328","post","type-post","status-publish","format-standard","hentry","category-feriencamp","category-informationen-zum-fc","item-wrap"],"_links":{"self":[{"href":"https:\/\/www.vfa-rochlitzer-berg.de\/index.php?rest_route=\/wp\/v2\/posts\/2328","targetHints":{"allow":["GET"]}}],"collection":[{"href":"https:\/\/www.vfa-rochlitzer-berg.de\/index.php?rest_route=\/wp\/v2\/posts"}],"about":[{"href":"https:\/\/www.vfa-rochlitzer-berg.de\/index.php?rest_route=\/wp\/v2\/types\/post"}],"author":[{"embeddable":true,"href":"https:\/\/www.vfa-rochlitzer-berg.de\/index.php?rest_route=\/wp\/v2\/users\/2"}],"replies":[{"embeddable":true,"href":"https:\/\/www.vfa-rochlitzer-berg.de\/index.php?rest_route=%2Fwp%2Fv2%2Fcomments&post=2328"}],"version-history":[{"count":9,"href":"https:\/\/www.vfa-rochlitzer-berg.de\/index.php?rest_route=\/wp\/v2\/posts\/2328\/revisions"}],"predecessor-version":[{"id":3159,"href":"https:\/\/www.vfa-rochlitzer-berg.de\/index.php?rest_route=\/wp\/v2\/posts\/2328\/revisions\/3159"}],"wp:attachment":[{"href":"https:\/\/www.vfa-rochlitzer-berg.de\/index.php?rest_route=%2Fwp%2Fv2%2Fmedia&parent=2328"}],"wp:term":[{"taxonomy":"category","embeddable":true,"href":"https:\/\/www.vfa-rochlitzer-berg.de\/index.php?rest_route=%2Fwp%2Fv2%2Fcategories&post=2328"},{"taxonomy":"post_tag","embeddable":true,"href":"https:\/\/www.vfa-rochlitzer-berg.de\/index.php?rest_route=%2Fwp%2Fv2%2Ftags&post=2328"}],"curies":[{"name":"wp","href":"https:\/\/api.w.org\/{rel}","templated":true}]}}