{"id":2269,"date":"2016-11-10T19:54:46","date_gmt":"2016-11-10T18:54:46","guid":{"rendered":"http:\/\/www.vfa-rochlitzer-berg.de\/?p=2269"},"modified":"2018-09-13T08:49:35","modified_gmt":"2018-09-13T07:49:35","slug":"eltern-kind-turnen","status":"publish","type":"post","link":"https:\/\/www.vfa-rochlitzer-berg.de\/?p=2269","title":{"rendered":"Eltern-Kind-Turnen"},"content":{"rendered":"<p><a href=\"http:\/\/www.vfa-rochlitzer-berg.de\/wp-content\/uploads\/2016\/01\/eltern-kind.jpg\" rel=\"attachment wp-att-2270\" rel=\"lightbox[2269]\"><img loading=\"lazy\" decoding=\"async\" class=\"alignright size-full wp-image-2270\" src=\"http:\/\/www.vfa-rochlitzer-berg.de\/wp-content\/uploads\/2016\/01\/eltern-kind.jpg\" alt=\"eltern-kind\" width=\"200\" height=\"150\" srcset=\"https:\/\/www.vfa-rochlitzer-berg.de\/wp-content\/uploads\/2016\/01\/eltern-kind.jpg 200w, https:\/\/www.vfa-rochlitzer-berg.de\/wp-content\/uploads\/2016\/01\/eltern-kind-150x113.jpg 150w\" sizes=\"auto, (max-width: 200px) 100vw, 200px\" \/><\/a> <strong>f\u00fcr Kinder ab 1,5 bis 3 Jahre <\/strong>(Eintritt in den Kindergarten)<strong> &amp; Elternteil <\/strong><\/p>\n<p><strong>Wann?<\/strong>&nbsp;&nbsp;&nbsp; montags, 16-17 Uhr \u2013 ab sofort&nbsp; &#8211; hier <strong>Flyer&gt;&gt;&nbsp; <\/strong><a href=\"http:\/\/www.vfa-rochlitzer-berg.de\/wp-content\/uploads\/2016\/01\/ELTERNKINDTURNEN-Jan2016.pdf\" rel=\"\">ELTERNKINDTURNEN<\/a><\/p>\n<p><strong>Wo? <\/strong>&nbsp;&nbsp;&nbsp;&nbsp;&nbsp;&nbsp; Sporthalle des J.-Mathesius-Gymnasium in Rochlitz, Zugang Mathesiusstra\u00dfe\/gegen\u00fcber DRK-Hort &amp; Seniorenheim<\/p>\n<p><strong>Warum?<\/strong>&nbsp; fr\u00fchkindliche F\u00f6rderung koordinativer F\u00e4higkeiten und motorischer Fertigkeiten<\/p>\n<p>&nbsp;&nbsp;&nbsp;&nbsp;&nbsp;&nbsp;&nbsp;&nbsp;&nbsp;&nbsp;&nbsp;&nbsp;&nbsp; &gt; unterst\u00fctzt naturgem\u00e4\u00dfe Entwicklung&nbsp; &gt; vergr\u00f6\u00dfert das Bewegungsrepertoire<\/p>\n<p>&nbsp;&nbsp;&nbsp;&nbsp;&nbsp;&nbsp;&nbsp;&nbsp;&nbsp;&nbsp;&nbsp;&nbsp;&nbsp; &gt; bietet vielseitige K\u00f6rpererfahrungen &gt; hilft Unf\u00e4lle vermeiden<\/p>\n<p>&nbsp;&nbsp;&nbsp;&nbsp;&nbsp;&nbsp;&nbsp;&nbsp;&nbsp;&nbsp;&nbsp;&nbsp;&nbsp; &gt; schafft Selbstvertrauen&nbsp;&nbsp;&nbsp;&nbsp;&nbsp;&nbsp;&nbsp;&nbsp;&nbsp;&nbsp;&nbsp;&nbsp;&nbsp;<\/p>\n<p><strong>Trainer? <\/strong>Frau Bedewitz<\/p>\n<p><strong>Kosten?<\/strong>&nbsp; Kursgeb\u00fchr f\u00fcr 8 Wochen betr\u00e4gt 40 \u20ac (private UV)<em> oder<\/em> Mitgliedschaft in unserem Sportverein (inkl. UV)<\/p>\n","protected":false},"excerpt":{"rendered":"<p>f\u00fcr Kinder ab 1,5 bis 3 Jahre (Eintritt in den Kindergarten) &amp; Elternteil Wann?&nbsp;&nbsp;&nbsp; montags, 16-17 Uhr \u2013 ab sofort&nbsp; &#8211; hier Flyer&gt;&gt;&nbsp; ELTERNKINDTURNEN Wo? &nbsp;&nbsp;&nbsp;&nbsp;&nbsp;&nbsp; Sporthalle des J.-Mathesius-Gymnasium in Rochlitz, Zugang Mathesiusstra\u00dfe\/gegen\u00fcber DRK-Hort &amp; Seniorenheim Warum?&nbsp; fr\u00fchkindliche F\u00f6rderung koordinativer F\u00e4higkeiten und motorischer Fertigkeiten &nbsp;&nbsp;&nbsp;&nbsp;&nbsp;&nbsp;&nbsp;&nbsp;&nbsp;&nbsp;&nbsp;&nbsp;&nbsp; &gt; unterst\u00fctzt naturgem\u00e4\u00dfe Entwicklung&nbsp; &gt; vergr\u00f6\u00dfert das Bewegungsrepertoire &nbsp;&nbsp;&nbsp;&nbsp;&nbsp;&nbsp;&nbsp;&nbsp;&nbsp;&nbsp;&nbsp;&nbsp;&nbsp; &gt; &hellip; <\/p>\n<p><a class=\"more-link btn\" href=\"https:\/\/www.vfa-rochlitzer-berg.de\/?p=2269\">Weiterlesen<\/a><\/p>\n","protected":false},"author":2,"featured_media":2270,"comment_status":"closed","ping_status":"closed","sticky":false,"template":"","format":"standard","meta":{"ngg_post_thumbnail":0,"footnotes":""},"categories":[1],"tags":[],"class_list":["post-2269","post","type-post","status-publish","format-standard","has-post-thumbnail","hentry","category-allgemein","item-wrap"],"_links":{"self":[{"href":"https:\/\/www.vfa-rochlitzer-berg.de\/index.php?rest_route=\/wp\/v2\/posts\/2269","targetHints":{"allow":["GET"]}}],"collection":[{"href":"https:\/\/www.vfa-rochlitzer-berg.de\/index.php?rest_route=\/wp\/v2\/posts"}],"about":[{"href":"https:\/\/www.vfa-rochlitzer-berg.de\/index.php?rest_route=\/wp\/v2\/types\/post"}],"author":[{"embeddable":true,"href":"https:\/\/www.vfa-rochlitzer-berg.de\/index.php?rest_route=\/wp\/v2\/users\/2"}],"replies":[{"embeddable":true,"href":"https:\/\/www.vfa-rochlitzer-berg.de\/index.php?rest_route=%2Fwp%2Fv2%2Fcomments&post=2269"}],"version-history":[{"count":4,"href":"https:\/\/www.vfa-rochlitzer-berg.de\/index.php?rest_route=\/wp\/v2\/posts\/2269\/revisions"}],"predecessor-version":[{"id":3132,"href":"https:\/\/www.vfa-rochlitzer-berg.de\/index.php?rest_route=\/wp\/v2\/posts\/2269\/revisions\/3132"}],"wp:featuredmedia":[{"embeddable":true,"href":"https:\/\/www.vfa-rochlitzer-berg.de\/index.php?rest_route=\/wp\/v2\/media\/2270"}],"wp:attachment":[{"href":"https:\/\/www.vfa-rochlitzer-berg.de\/index.php?rest_route=%2Fwp%2Fv2%2Fmedia&parent=2269"}],"wp:term":[{"taxonomy":"category","embeddable":true,"href":"https:\/\/www.vfa-rochlitzer-berg.de\/index.php?rest_route=%2Fwp%2Fv2%2Fcategories&post=2269"},{"taxonomy":"post_tag","embeddable":true,"href":"https:\/\/www.vfa-rochlitzer-berg.de\/index.php?rest_route=%2Fwp%2Fv2%2Ftags&post=2269"}],"curies":[{"name":"wp","href":"https:\/\/api.w.org\/{rel}","templated":true}]}}