{"id":1428,"date":"2021-07-13T07:12:21","date_gmt":"2021-07-13T06:12:21","guid":{"rendered":"http:\/\/www.vfa-rochlitzer-berg.de\/?p=1428"},"modified":"2021-07-13T18:55:42","modified_gmt":"2021-07-13T17:55:42","slug":"radtour","status":"publish","type":"post","link":"https:\/\/www.vfa-rochlitzer-berg.de\/?p=1428","title":{"rendered":"Fahrradtour ins Kohrener Land"},"content":{"rendered":"<p><a href=\"http:\/\/www.vfa-rochlitzer-berg.de\/wp-content\/uploads\/2009\/09\/rad.jpg\" rel=\"lightbox[1428]\"><img loading=\"lazy\" decoding=\"async\" class=\"alignleft size-full wp-image-16\" src=\"http:\/\/www.vfa-rochlitzer-berg.de\/wp-content\/uploads\/2009\/09\/rad.jpg\" alt=\"rad\" width=\"150\" height=\"184\"><\/a>Die Streckenf\u00fchrung f\u00fcr die traditionelle <strong>Radtour <\/strong>des VfA &nbsp;wurde sorgf\u00e4ltig vorbereitet. Alle interessierten Radler, Vereinsmitglieder und sportlich interessierten G\u00e4ste treffen sich am <strong>Sonntag<\/strong>, <strong>29. Augus<\/strong>t&nbsp; um <strong>9:30 Uhr <\/strong>an der<strong> Bleiche in Rochlitz<\/strong>. Wir fahren dann auf Nebenstra\u00dfen und Radwegen Richtung Kohren-Sahlis und wieder zur\u00fcck.<\/p>\n<p>Unsere gemeinsame gem\u00fctliche Ausfahrt endet wieder in Rochlitz. Die Gesamtstrecke betr\u00e4gt ca. <strong>49 km<\/strong>, wir werden ca. 5 h unterwegs sein. Geselligkeit und Entspannung sollen bei einigen Stopps an verschiedenen Punkten der Strecke im Mittelpunkt stehen.<\/p>\n<p>Eine Anmeldung unter vfa-rochlitz(at)online.de w\u00e4re w\u00fcnschenswert.<\/p>\n","protected":false},"excerpt":{"rendered":"<p>Die Streckenf\u00fchrung f\u00fcr die traditionelle Radtour des VfA &nbsp;wurde sorgf\u00e4ltig vorbereitet. Alle interessierten Radler, Vereinsmitglieder und sportlich interessierten G\u00e4ste treffen sich am Sonntag, 29. August&nbsp; um 9:30 Uhr an der Bleiche in Rochlitz. Wir fahren dann auf Nebenstra\u00dfen und Radwegen Richtung Kohren-Sahlis und wieder zur\u00fcck. Unsere gemeinsame gem\u00fctliche Ausfahrt endet wieder in Rochlitz. Die Gesamtstrecke &hellip; <\/p>\n<p><a class=\"more-link btn\" href=\"https:\/\/www.vfa-rochlitzer-berg.de\/?p=1428\">Weiterlesen<\/a><\/p>\n","protected":false},"author":2,"featured_media":0,"comment_status":"closed","ping_status":"closed","sticky":false,"template":"","format":"standard","meta":{"ngg_post_thumbnail":0,"footnotes":""},"categories":[4],"tags":[47],"class_list":["post-1428","post","type-post","status-publish","format-standard","hentry","category-news-termine","tag-radtour","item-wrap"],"_links":{"self":[{"href":"https:\/\/www.vfa-rochlitzer-berg.de\/index.php?rest_route=\/wp\/v2\/posts\/1428","targetHints":{"allow":["GET"]}}],"collection":[{"href":"https:\/\/www.vfa-rochlitzer-berg.de\/index.php?rest_route=\/wp\/v2\/posts"}],"about":[{"href":"https:\/\/www.vfa-rochlitzer-berg.de\/index.php?rest_route=\/wp\/v2\/types\/post"}],"author":[{"embeddable":true,"href":"https:\/\/www.vfa-rochlitzer-berg.de\/index.php?rest_route=\/wp\/v2\/users\/2"}],"replies":[{"embeddable":true,"href":"https:\/\/www.vfa-rochlitzer-berg.de\/index.php?rest_route=%2Fwp%2Fv2%2Fcomments&post=1428"}],"version-history":[{"count":16,"href":"https:\/\/www.vfa-rochlitzer-berg.de\/index.php?rest_route=\/wp\/v2\/posts\/1428\/revisions"}],"predecessor-version":[{"id":3920,"href":"https:\/\/www.vfa-rochlitzer-berg.de\/index.php?rest_route=\/wp\/v2\/posts\/1428\/revisions\/3920"}],"wp:attachment":[{"href":"https:\/\/www.vfa-rochlitzer-berg.de\/index.php?rest_route=%2Fwp%2Fv2%2Fmedia&parent=1428"}],"wp:term":[{"taxonomy":"category","embeddable":true,"href":"https:\/\/www.vfa-rochlitzer-berg.de\/index.php?rest_route=%2Fwp%2Fv2%2Fcategories&post=1428"},{"taxonomy":"post_tag","embeddable":true,"href":"https:\/\/www.vfa-rochlitzer-berg.de\/index.php?rest_route=%2Fwp%2Fv2%2Ftags&post=1428"}],"curies":[{"name":"wp","href":"https:\/\/api.w.org\/{rel}","templated":true}]}}